{"id":18546,"date":"2022-08-17T21:35:16","date_gmt":"2022-08-18T03:35:16","guid":{"rendered":"http:\/\/puntociegoeditorial.com\/web\/?p=18546"},"modified":"2022-08-17T21:35:16","modified_gmt":"2022-08-18T03:35:16","slug":"avanzan-las-labores-de-limpieza-en-el-parque-acuatico-tras-afectaciones-por-lluvias","status":"publish","type":"post","link":"https:\/\/www.puntociegoeditorial.com\/web\/2022\/08\/17\/avanzan-las-labores-de-limpieza-en-el-parque-acuatico-tras-afectaciones-por-lluvias\/","title":{"rendered":"Avanzan las labores de limpieza en el Parque Acu\u00e1tico tras afectaciones por lluvias"},"content":{"rendered":"\n<p>Culiac\u00e1n, Sin., a 17 de agosto de 2022.- Las jornadas de limpieza en el Parque Acu\u00e1tico y algunas secciones del Parque Las Riberas comenzaron a llevarse a cabo por parte del personal del \u00e1rea, debido a las leves afectaciones que las recientes lluvias dejaron por su paso.<\/p>\n\n\n\n<p>Edgar Huerta Silva, Administrador General de estos 2 centros recreativos, explic\u00f3 que primero se mantuvo en espera el proceso de limpieza general y mantenimiento dentro de las instalaciones del Parque Acu\u00e1tico, ya que el alto nivel del agua no permit\u00eda realizar alguna actividad, y se opt\u00f3 por cerrar el acceso.<\/p>\n\n\n\n<p>Lodo, ramas, basura y dem\u00e1s residuos, fueron algunos de los materiales que el personal retir\u00f3 a lo largo y ancho de dicho espacio recreativo una vez que las condiciones, tanto climatol\u00f3gicas, como del parque, lo permitieron, restaurando as\u00ed, su aspecto y funcionabilidad en su mayor\u00eda.<\/p>\n\n\n\n<p>Detall\u00f3 que en algunas secciones del Parque Las Riberas se cortaron \u00e1rboles ca\u00eddos, donde a su vez, se recolect\u00f3 gran cantidad de ramas, y posteriormente se realiz\u00f3 la poda de c\u00e9sped.<\/p>\n\n\n\n<p>Tras estas labores, ambos parques completan un 90 por ciento del proceso de limpieza y lavado general, por ello, en el caso del Parque Acu\u00e1tico se espera que ma\u00f1ana est\u00e9 listo para ser abierto al p\u00fablico en general.<\/p>\n","protected":false},"excerpt":{"rendered":"<p>Culiac\u00e1n, Sin., a 17 de agosto de 2022.- Las jornadas de limpieza en el Parque Acu\u00e1tico y algunas secciones del Parque Las Riberas comenzaron a llevarse a cabo por parte del personal del \u00e1rea, debido a las leves afectaciones que las recientes lluvias dejaron por su paso. Edgar Huerta Silva, Administrador General de estos 2 [&hellip;]<\/p>\n","protected":false},"author":2,"featured_media":18547,"comment_status":"open","ping_status":"open","sticky":false,"template":"","format":"standard","meta":{"_mi_skip_tracking":false,"footnotes":""},"categories":[12],"tags":[2331,128],"class_list":["post-18546","post","type-post","status-publish","format-standard","has-post-thumbnail","hentry","category-ciudad","tag-parque-acuatico","tag-parque-las-riberas"],"_links":{"self":[{"href":"https:\/\/www.puntociegoeditorial.com\/web\/wp-json\/wp\/v2\/posts\/18546","targetHints":{"allow":["GET"]}}],"collection":[{"href":"https:\/\/www.puntociegoeditorial.com\/web\/wp-json\/wp\/v2\/posts"}],"about":[{"href":"https:\/\/www.puntociegoeditorial.com\/web\/wp-json\/wp\/v2\/types\/post"}],"author":[{"embeddable":true,"href":"https:\/\/www.puntociegoeditorial.com\/web\/wp-json\/wp\/v2\/users\/2"}],"replies":[{"embeddable":true,"href":"https:\/\/www.puntociegoeditorial.com\/web\/wp-json\/wp\/v2\/comments?post=18546"}],"version-history":[{"count":1,"href":"https:\/\/www.puntociegoeditorial.com\/web\/wp-json\/wp\/v2\/posts\/18546\/revisions"}],"predecessor-version":[{"id":18548,"href":"https:\/\/www.puntociegoeditorial.com\/web\/wp-json\/wp\/v2\/posts\/18546\/revisions\/18548"}],"wp:featuredmedia":[{"embeddable":true,"href":"https:\/\/www.puntociegoeditorial.com\/web\/wp-json\/wp\/v2\/media\/18547"}],"wp:attachment":[{"href":"https:\/\/www.puntociegoeditorial.com\/web\/wp-json\/wp\/v2\/media?parent=18546"}],"wp:term":[{"taxonomy":"category","embeddable":true,"href":"https:\/\/www.puntociegoeditorial.com\/web\/wp-json\/wp\/v2\/categories?post=18546"},{"taxonomy":"post_tag","embeddable":true,"href":"https:\/\/www.puntociegoeditorial.com\/web\/wp-json\/wp\/v2\/tags?post=18546"}],"curies":[{"name":"wp","href":"https:\/\/api.w.org\/{rel}","templated":true}]}}