{"id":18549,"date":"2022-08-17T21:36:34","date_gmt":"2022-08-18T03:36:34","guid":{"rendered":"http:\/\/puntociegoeditorial.com\/web\/?p=18549"},"modified":"2022-08-17T21:36:34","modified_gmt":"2022-08-18T03:36:34","slug":"vinculan-a-proceso-a-doctora-por-el-delito-de-homicidio-doloso-y-usurpacion-de-profesiones","status":"publish","type":"post","link":"https:\/\/www.puntociegoeditorial.com\/web\/2022\/08\/17\/vinculan-a-proceso-a-doctora-por-el-delito-de-homicidio-doloso-y-usurpacion-de-profesiones\/","title":{"rendered":"Vinculan a proceso a doctora, por el delito de homicidio doloso y usurpaci\u00f3n de profesiones"},"content":{"rendered":"\n<p>Este mi\u00e9rcoles el Juez de Control dict\u00f3 medidas cautelares contra la imputada, quien no podr\u00e1 ejercer su profesi\u00f3n mientras se determine su situaci\u00f3n jur\u00eddica.<\/p>\n\n\n\n<p>Culiac\u00e1n, Sinaloa; a 17 de agosto de 2022.- La doctora que realiz\u00f3 una cirug\u00eda est\u00e9tica a Leslie Paulina \u201cN\u201d, quien perdi\u00f3 la vida a consecuencia de las complicaciones generadas por ese procedimiento, qued\u00f3 vinculada a proceso durante la continuaci\u00f3n de audiencia celebrada este mi\u00e9rcoles en la Sede de Justicia Penal, Acusatoria y Oral zona Centro.<br>Amairani \u201cN\u201d, qued\u00f3 vinculada a proceso por los delitos de homicidio culposo y usurpaci\u00f3n de profesiones, al reclasificarse el delito y considerar el juez que, lo que la doctora hab\u00eda violado; eran las normas establecidas en la Ley General de Salud.<br>Como medida cautelar, a la hoy vinculada a proceso se le impuso presentaci\u00f3n peri\u00f3dica quincenal; una garant\u00eda econ\u00f3mica de 300 mil pesos, no podr\u00e1 salir del pa\u00eds y se le suspende, mientras dure el proceso; toda actividad relativa a su profesi\u00f3n. Se determinaron tambi\u00e9n, tres meses de plazo para el cierre de la investigaci\u00f3n complementaria.<br>Amairani \u201cN\u201d fue detenida el pasado 12 de agosto por elementos de la Unidad Especializada en Aprehensiones, y llevada ante el Juez de Control y Enjuiciamiento Penal a Audiencia inicial; donde se formul\u00f3 imputaci\u00f3n dentro de la causa penal 261\/2022.<\/p>\n","protected":false},"excerpt":{"rendered":"<p>Este mi\u00e9rcoles el Juez de Control dict\u00f3 medidas cautelares contra la imputada, quien no podr\u00e1 ejercer su profesi\u00f3n mientras se determine su situaci\u00f3n jur\u00eddica. Culiac\u00e1n, Sinaloa; a 17 de agosto de 2022.- La doctora que realiz\u00f3 una cirug\u00eda est\u00e9tica a Leslie Paulina \u201cN\u201d, quien perdi\u00f3 la vida a consecuencia de las complicaciones generadas por ese [&hellip;]<\/p>\n","protected":false},"author":2,"featured_media":18550,"comment_status":"open","ping_status":"open","sticky":false,"template":"","format":"standard","meta":{"_mi_skip_tracking":false,"footnotes":""},"categories":[12],"tags":[2316],"class_list":["post-18549","post","type-post","status-publish","format-standard","has-post-thumbnail","hentry","category-ciudad","tag-leslie-paulina"],"_links":{"self":[{"href":"https:\/\/www.puntociegoeditorial.com\/web\/wp-json\/wp\/v2\/posts\/18549","targetHints":{"allow":["GET"]}}],"collection":[{"href":"https:\/\/www.puntociegoeditorial.com\/web\/wp-json\/wp\/v2\/posts"}],"about":[{"href":"https:\/\/www.puntociegoeditorial.com\/web\/wp-json\/wp\/v2\/types\/post"}],"author":[{"embeddable":true,"href":"https:\/\/www.puntociegoeditorial.com\/web\/wp-json\/wp\/v2\/users\/2"}],"replies":[{"embeddable":true,"href":"https:\/\/www.puntociegoeditorial.com\/web\/wp-json\/wp\/v2\/comments?post=18549"}],"version-history":[{"count":1,"href":"https:\/\/www.puntociegoeditorial.com\/web\/wp-json\/wp\/v2\/posts\/18549\/revisions"}],"predecessor-version":[{"id":18551,"href":"https:\/\/www.puntociegoeditorial.com\/web\/wp-json\/wp\/v2\/posts\/18549\/revisions\/18551"}],"wp:featuredmedia":[{"embeddable":true,"href":"https:\/\/www.puntociegoeditorial.com\/web\/wp-json\/wp\/v2\/media\/18550"}],"wp:attachment":[{"href":"https:\/\/www.puntociegoeditorial.com\/web\/wp-json\/wp\/v2\/media?parent=18549"}],"wp:term":[{"taxonomy":"category","embeddable":true,"href":"https:\/\/www.puntociegoeditorial.com\/web\/wp-json\/wp\/v2\/categories?post=18549"},{"taxonomy":"post_tag","embeddable":true,"href":"https:\/\/www.puntociegoeditorial.com\/web\/wp-json\/wp\/v2\/tags?post=18549"}],"curies":[{"name":"wp","href":"https:\/\/api.w.org\/{rel}","templated":true}]}}