{"id":18641,"date":"2022-08-19T16:37:30","date_gmt":"2022-08-19T22:37:30","guid":{"rendered":"http:\/\/puntociegoeditorial.com\/web\/?p=18641"},"modified":"2022-08-19T16:37:30","modified_gmt":"2022-08-19T22:37:30","slug":"invita-imcc-a-participar-en-el-evento-pintemos-el-puente-negro","status":"publish","type":"post","link":"https:\/\/www.puntociegoeditorial.com\/web\/2022\/08\/19\/invita-imcc-a-participar-en-el-evento-pintemos-el-puente-negro\/","title":{"rendered":"Invita IMCC a participar en el evento Pintemos el Puente Negro"},"content":{"rendered":"\n<p>Culiac\u00e1n, Sin., a 19 de agosto de 2022.- Derivado del gran \u00e9xito de la actividad Pintemos Narnia, el Instituto Municipal de Cultura invita en esta ocasi\u00f3n a continuar con el fomento a las actividades art\u00edsticas en Culiac\u00e1n a trav\u00e9s de Pintemos el Puente Negro.<\/p>\n\n\n\n<p>Esta actividad se llevar\u00e1 a cabo el pr\u00f3ximo domingo 21 de agosto en las inmediaciones del Parque Acu\u00e1tico, a partir de las 8:00 de la ma\u00f1ana y hasta las 12:00 del mediod\u00eda, esto con el objetivo de que las familias puedan acudir, ya sea a pintar, o bien, simplemente a disfrutar observando el talento culichi.<\/p>\n\n\n\n<p>En este sentido, el director del Instituto Municipal de Cultura Culiac\u00e1n, Alonso Ram\u00edrez Reyes, reiter\u00f3 que esta actividad tiene como objetivo fomentar la cultura en la ciudadan\u00eda, pues a trav\u00e9s de ella, es posible constituir una mejor sociedad, donde pondere la paz y el respeto.<\/p>\n\n\n\n<p>Finalmente, se\u00f1al\u00f3 que estas actividades son para todas las edades, pues no se requiere ser un pintor profesional para participar y plasmar el hermoso paisaje que nos regala la postal m\u00e1s famosa de Culiac\u00e1n, el Puente Negro.<\/p>\n","protected":false},"excerpt":{"rendered":"<p>Culiac\u00e1n, Sin., a 19 de agosto de 2022.- Derivado del gran \u00e9xito de la actividad Pintemos Narnia, el Instituto Municipal de Cultura invita en esta ocasi\u00f3n a continuar con el fomento a las actividades art\u00edsticas en Culiac\u00e1n a trav\u00e9s de Pintemos el Puente Negro. Esta actividad se llevar\u00e1 a cabo el pr\u00f3ximo domingo 21 de [&hellip;]<\/p>\n","protected":false},"author":2,"featured_media":18642,"comment_status":"open","ping_status":"open","sticky":false,"template":"","format":"standard","meta":{"_mi_skip_tracking":false,"footnotes":""},"categories":[17],"tags":[2299],"class_list":["post-18641","post","type-post","status-publish","format-standard","has-post-thumbnail","hentry","category-cultura-y-ciencia","tag-imcc"],"_links":{"self":[{"href":"https:\/\/www.puntociegoeditorial.com\/web\/wp-json\/wp\/v2\/posts\/18641","targetHints":{"allow":["GET"]}}],"collection":[{"href":"https:\/\/www.puntociegoeditorial.com\/web\/wp-json\/wp\/v2\/posts"}],"about":[{"href":"https:\/\/www.puntociegoeditorial.com\/web\/wp-json\/wp\/v2\/types\/post"}],"author":[{"embeddable":true,"href":"https:\/\/www.puntociegoeditorial.com\/web\/wp-json\/wp\/v2\/users\/2"}],"replies":[{"embeddable":true,"href":"https:\/\/www.puntociegoeditorial.com\/web\/wp-json\/wp\/v2\/comments?post=18641"}],"version-history":[{"count":1,"href":"https:\/\/www.puntociegoeditorial.com\/web\/wp-json\/wp\/v2\/posts\/18641\/revisions"}],"predecessor-version":[{"id":18643,"href":"https:\/\/www.puntociegoeditorial.com\/web\/wp-json\/wp\/v2\/posts\/18641\/revisions\/18643"}],"wp:featuredmedia":[{"embeddable":true,"href":"https:\/\/www.puntociegoeditorial.com\/web\/wp-json\/wp\/v2\/media\/18642"}],"wp:attachment":[{"href":"https:\/\/www.puntociegoeditorial.com\/web\/wp-json\/wp\/v2\/media?parent=18641"}],"wp:term":[{"taxonomy":"category","embeddable":true,"href":"https:\/\/www.puntociegoeditorial.com\/web\/wp-json\/wp\/v2\/categories?post=18641"},{"taxonomy":"post_tag","embeddable":true,"href":"https:\/\/www.puntociegoeditorial.com\/web\/wp-json\/wp\/v2\/tags?post=18641"}],"curies":[{"name":"wp","href":"https:\/\/api.w.org\/{rel}","templated":true}]}}