{"id":18855,"date":"2022-08-24T09:53:33","date_gmt":"2022-08-24T15:53:33","guid":{"rendered":"http:\/\/puntociegoeditorial.com\/web\/?p=18855"},"modified":"2022-08-24T09:53:33","modified_gmt":"2022-08-24T15:53:33","slug":"el-sinaloense-david-hernandez-al-mundial-de-beis-sub-15-en-hermosillo","status":"publish","type":"post","link":"https:\/\/www.puntociegoeditorial.com\/web\/2022\/08\/24\/el-sinaloense-david-hernandez-al-mundial-de-beis-sub-15-en-hermosillo\/","title":{"rendered":"EL SINALOENSE DAVID HERN\u00c1NDEZ AL MUNDIAL DE BEIS SUB 15 EN HERMOSILLO"},"content":{"rendered":"\n<p>El sinaloense David Hern\u00e1ndez fue seleccionado como parte del equipo mexicano que participar\u00e1 en el Mundial sub 15 a partir del pr\u00f3ximo viernes en Hermosillo, Sonora.<\/p>\n\n\n\n<p>Hern\u00e1ndez quien se desempe\u00f1a como lanzador zurdo y pertenece a la Liga Humaya en Culiac\u00e1n, ser\u00e1 el \u00fanico sinaloense en el conjunto mexicano y Fernando Hern\u00e1ndez Rubio, Presidente de la Asociaci\u00f3n Sinaloense de B\u00e9isbol dese\u00f3 \u00e9xito al ahora seleccionado nacional:<\/p>\n\n\n\n<p>\u00abDe nuevo Sinaloa estar\u00e1 presente para defender los colores de nuestro pa\u00eds, le deseamos mucha suerte a nuestra delegaci\u00f3n mexicana y a David Hern\u00e1ndez que ser\u00e1 nuestro representante en este equipo\u00bb, coment\u00f3 Hern\u00e1ndez Rubio.<\/p>\n\n\n\n<p>Este campeonato organizado por la WBSC se llevar\u00e1 a cabo del 26 al 04 de septiembre teniendo como escenarios el Estadio H\u00e9ctor Espino y Estadio Sonora, donde M\u00e9xico comenzar\u00e1 su actividad ante Cuba.<\/p>\n\n\n\n<p>Los equipos participantes adem\u00e1s de M\u00e9xico son: China Taipei, Cuba, Rep\u00fablica Checa, Panam\u00e1, Jap\u00f3n, Colombia, Francia, Estados Unidos, Sud\u00e1frica, Venezuela, Puerto Rico y Guam.<\/p>\n","protected":false},"excerpt":{"rendered":"<p>El sinaloense David Hern\u00e1ndez fue seleccionado como parte del equipo mexicano que participar\u00e1 en el Mundial sub 15 a partir del pr\u00f3ximo viernes en Hermosillo, Sonora. Hern\u00e1ndez quien se desempe\u00f1a como lanzador zurdo y pertenece a la Liga Humaya en Culiac\u00e1n, ser\u00e1 el \u00fanico sinaloense en el conjunto mexicano y Fernando Hern\u00e1ndez Rubio, Presidente de [&hellip;]<\/p>\n","protected":false},"author":2,"featured_media":18856,"comment_status":"open","ping_status":"open","sticky":false,"template":"","format":"standard","meta":{"_mi_skip_tracking":false,"footnotes":""},"categories":[16],"tags":[1953,197],"class_list":["post-18855","post","type-post","status-publish","format-standard","has-post-thumbnail","hentry","category-accion","tag-fernando-hernandez","tag-mundial-de-beisbol"],"_links":{"self":[{"href":"https:\/\/www.puntociegoeditorial.com\/web\/wp-json\/wp\/v2\/posts\/18855","targetHints":{"allow":["GET"]}}],"collection":[{"href":"https:\/\/www.puntociegoeditorial.com\/web\/wp-json\/wp\/v2\/posts"}],"about":[{"href":"https:\/\/www.puntociegoeditorial.com\/web\/wp-json\/wp\/v2\/types\/post"}],"author":[{"embeddable":true,"href":"https:\/\/www.puntociegoeditorial.com\/web\/wp-json\/wp\/v2\/users\/2"}],"replies":[{"embeddable":true,"href":"https:\/\/www.puntociegoeditorial.com\/web\/wp-json\/wp\/v2\/comments?post=18855"}],"version-history":[{"count":1,"href":"https:\/\/www.puntociegoeditorial.com\/web\/wp-json\/wp\/v2\/posts\/18855\/revisions"}],"predecessor-version":[{"id":18857,"href":"https:\/\/www.puntociegoeditorial.com\/web\/wp-json\/wp\/v2\/posts\/18855\/revisions\/18857"}],"wp:featuredmedia":[{"embeddable":true,"href":"https:\/\/www.puntociegoeditorial.com\/web\/wp-json\/wp\/v2\/media\/18856"}],"wp:attachment":[{"href":"https:\/\/www.puntociegoeditorial.com\/web\/wp-json\/wp\/v2\/media?parent=18855"}],"wp:term":[{"taxonomy":"category","embeddable":true,"href":"https:\/\/www.puntociegoeditorial.com\/web\/wp-json\/wp\/v2\/categories?post=18855"},{"taxonomy":"post_tag","embeddable":true,"href":"https:\/\/www.puntociegoeditorial.com\/web\/wp-json\/wp\/v2\/tags?post=18855"}],"curies":[{"name":"wp","href":"https:\/\/api.w.org\/{rel}","templated":true}]}}