{"id":18862,"date":"2022-08-24T12:06:20","date_gmt":"2022-08-24T18:06:20","guid":{"rendered":"http:\/\/puntociegoeditorial.com\/web\/?p=18862"},"modified":"2022-08-24T12:06:20","modified_gmt":"2022-08-24T18:06:20","slug":"celebran-el-dia-del-abuelo-en-la-sindicatura-de-aguaruto","status":"publish","type":"post","link":"https:\/\/www.puntociegoeditorial.com\/web\/2022\/08\/24\/celebran-el-dia-del-abuelo-en-la-sindicatura-de-aguaruto\/","title":{"rendered":"Celebran el D\u00eda del Abuelo en la sindicatura de Aguaruto"},"content":{"rendered":"\n<p>Culiac\u00e1n, Sin., a 24 de agosto de 2022.- En un ambiente de fiesta y alegr\u00eda, el alcalde Juan de Dios G\u00e1mez Mend\u00edvil, y su esposa Irma Nydia Gasca Aldama, presidenta del Sistema DIF Culiac\u00e1n, festejaron su d\u00eda a decenas de abuelos y abuelas pertenecientes a la sindicatura de Aguaruto.<br>Con m\u00fasica, alimentos y actividades recreativas, los abuelos y abuelas de la casa del adulto mayor \u00abAlegres de Coraz\u00f3n\u00bb compartieron un momento de esparcimiento y diversi\u00f3n.<br>Juan de Dios G\u00e1mez resalt\u00f3 la importancia de estos eventos para enaltecer la figura de los abuelos, quienes son un soporte fundamental en la formaci\u00f3n integral de las familias a trav\u00e9s de su sabidur\u00eda y empat\u00eda.<br>Ah\u00ed mismo, el primer edil hizo el compromiso de mejorar las condiciones de las vialidades de la sindicatura, iniciando con las calles aleda\u00f1as a la casa del adulto mayor, de tal forma que su comunidad no tenga complicaciones para ingresar a las instalaciones.<br>Por su parte, Maribel Arroyo, encargada de \u00abAlegres de Coraz\u00f3n\u201d, agradeci\u00f3 al Sistema DIF Culiac\u00e1n todo el apoyo brindado para la realizaci\u00f3n del festejo, as\u00ed como la ayuda brindada a trav\u00e9s de despensas, mobiliario e insumos.<br>Las autoridades presentes dieron a conocer que, de manera simult\u00e1nea, as\u00ed como en esta comunidad, se llevaron a cabo festejos en otros 20 clubs distribuidos en la zona rural y urbana de Culiac\u00e1n.<\/p>\n","protected":false},"excerpt":{"rendered":"<p>Culiac\u00e1n, Sin., a 24 de agosto de 2022.- En un ambiente de fiesta y alegr\u00eda, el alcalde Juan de Dios G\u00e1mez Mend\u00edvil, y su esposa Irma Nydia Gasca Aldama, presidenta del Sistema DIF Culiac\u00e1n, festejaron su d\u00eda a decenas de abuelos y abuelas pertenecientes a la sindicatura de Aguaruto.Con m\u00fasica, alimentos y actividades recreativas, los [&hellip;]<\/p>\n","protected":false},"author":2,"featured_media":18863,"comment_status":"open","ping_status":"open","sticky":false,"template":"","format":"standard","meta":{"_mi_skip_tracking":false,"footnotes":""},"categories":[12],"tags":[1166,1987],"class_list":["post-18862","post","type-post","status-publish","format-standard","has-post-thumbnail","hentry","category-ciudad","tag-dif-culiacan","tag-juan-de-dios-gamez-mendivil"],"_links":{"self":[{"href":"https:\/\/www.puntociegoeditorial.com\/web\/wp-json\/wp\/v2\/posts\/18862","targetHints":{"allow":["GET"]}}],"collection":[{"href":"https:\/\/www.puntociegoeditorial.com\/web\/wp-json\/wp\/v2\/posts"}],"about":[{"href":"https:\/\/www.puntociegoeditorial.com\/web\/wp-json\/wp\/v2\/types\/post"}],"author":[{"embeddable":true,"href":"https:\/\/www.puntociegoeditorial.com\/web\/wp-json\/wp\/v2\/users\/2"}],"replies":[{"embeddable":true,"href":"https:\/\/www.puntociegoeditorial.com\/web\/wp-json\/wp\/v2\/comments?post=18862"}],"version-history":[{"count":1,"href":"https:\/\/www.puntociegoeditorial.com\/web\/wp-json\/wp\/v2\/posts\/18862\/revisions"}],"predecessor-version":[{"id":18864,"href":"https:\/\/www.puntociegoeditorial.com\/web\/wp-json\/wp\/v2\/posts\/18862\/revisions\/18864"}],"wp:featuredmedia":[{"embeddable":true,"href":"https:\/\/www.puntociegoeditorial.com\/web\/wp-json\/wp\/v2\/media\/18863"}],"wp:attachment":[{"href":"https:\/\/www.puntociegoeditorial.com\/web\/wp-json\/wp\/v2\/media?parent=18862"}],"wp:term":[{"taxonomy":"category","embeddable":true,"href":"https:\/\/www.puntociegoeditorial.com\/web\/wp-json\/wp\/v2\/categories?post=18862"},{"taxonomy":"post_tag","embeddable":true,"href":"https:\/\/www.puntociegoeditorial.com\/web\/wp-json\/wp\/v2\/tags?post=18862"}],"curies":[{"name":"wp","href":"https:\/\/api.w.org\/{rel}","templated":true}]}}