{"id":18881,"date":"2022-08-24T15:07:53","date_gmt":"2022-08-24T21:07:53","guid":{"rendered":"http:\/\/puntociegoeditorial.com\/web\/?p=18881"},"modified":"2022-08-24T15:07:53","modified_gmt":"2022-08-24T21:07:53","slug":"secretaria-de-bienestar-invita-a-participar-en-el-programa-adopta-una-escuela","status":"publish","type":"post","link":"https:\/\/www.puntociegoeditorial.com\/web\/2022\/08\/24\/secretaria-de-bienestar-invita-a-participar-en-el-programa-adopta-una-escuela\/","title":{"rendered":"Secretar\u00eda de Bienestar invita a participar en el programa \u201cAdopta una Escuela\u201d"},"content":{"rendered":"\n<p>Culiac\u00e1n, Sin., a 24 de agosto de 2022.- La Secretar\u00eda de Bienestar ha impulsado un programa para que la iniciativa privada en la capital del estado apoye a escuelas primarias de colonias populares, de manera que ni\u00f1os y ni\u00f1as en zonas vulnerables tengan mejores condiciones de estudio y no abandonen su educaci\u00f3n.<\/p>\n\n\n\n<p>Por lo anterior, Aline Krystabel Guerra Garc\u00eda, titular de la dependencia, explic\u00f3 que esta campa\u00f1a llamada \u201cAdopta Una Escuela\u201d, cuenta con el apoyo y coordinaci\u00f3n de la Direcci\u00f3n de Participaci\u00f3n, donde se estar\u00e1 realizando una colecta de alimentos no perecederos, \u00fatiles escolares, ropa y calzado en buen estado, as\u00ed como juguetes y mobiliario que pueda ser \u00fatil para los espacios escolares, en la Plazuela \u00c1lvaro Obreg\u00f3n, a un costado de Catedral, en un horario de 10:00 a.m. a 2:00 p.m.<\/p>\n\n\n\n<p>Guerra Garc\u00eda, destac\u00f3 que el objetivo principal de esta iniciativa es mejorar el desarrollo de la educaci\u00f3n desde tempranas edades, para fortalecer a largo plazo sus oportunidades educativas.<\/p>\n\n\n\n<p>\u201cQueremos promover ante las instituciones privadas este programa, con la finalidad que aquellas est\u00e9n de acuerdo en cumplir con los requisitos que conlleva adoptar una escuela en \u00e1reas desprotegidas. Esto ser\u00e1 en coordinaci\u00f3n con la Direcci\u00f3n de Participaci\u00f3n, con ellos se registrar\u00e1 quienes ser\u00e1n los responsables de qu\u00e9 escuela\u201d, expuso, la secretaria de Bienestar.<\/p>\n\n\n\n<p>Es por ello que, la funcionaria municipal extendi\u00f3 una invitaci\u00f3n al p\u00fablico en general a asistir a esta colecta, ya que cuenta como un apoyo considerablemente en la evoluci\u00f3n educativa de los ni\u00f1os.<\/p>\n","protected":false},"excerpt":{"rendered":"<p>Culiac\u00e1n, Sin., a 24 de agosto de 2022.- La Secretar\u00eda de Bienestar ha impulsado un programa para que la iniciativa privada en la capital del estado apoye a escuelas primarias de colonias populares, de manera que ni\u00f1os y ni\u00f1as en zonas vulnerables tengan mejores condiciones de estudio y no abandonen su educaci\u00f3n. Por lo anterior, [&hellip;]<\/p>\n","protected":false},"author":2,"featured_media":18882,"comment_status":"open","ping_status":"open","sticky":false,"template":"","format":"standard","meta":{"_mi_skip_tracking":false,"footnotes":""},"categories":[13],"tags":[2359,1921],"class_list":["post-18881","post","type-post","status-publish","format-standard","has-post-thumbnail","hentry","category-sinaloa","tag-adopta-una-escuela","tag-secretaria-de-bienestar"],"_links":{"self":[{"href":"https:\/\/www.puntociegoeditorial.com\/web\/wp-json\/wp\/v2\/posts\/18881","targetHints":{"allow":["GET"]}}],"collection":[{"href":"https:\/\/www.puntociegoeditorial.com\/web\/wp-json\/wp\/v2\/posts"}],"about":[{"href":"https:\/\/www.puntociegoeditorial.com\/web\/wp-json\/wp\/v2\/types\/post"}],"author":[{"embeddable":true,"href":"https:\/\/www.puntociegoeditorial.com\/web\/wp-json\/wp\/v2\/users\/2"}],"replies":[{"embeddable":true,"href":"https:\/\/www.puntociegoeditorial.com\/web\/wp-json\/wp\/v2\/comments?post=18881"}],"version-history":[{"count":1,"href":"https:\/\/www.puntociegoeditorial.com\/web\/wp-json\/wp\/v2\/posts\/18881\/revisions"}],"predecessor-version":[{"id":18883,"href":"https:\/\/www.puntociegoeditorial.com\/web\/wp-json\/wp\/v2\/posts\/18881\/revisions\/18883"}],"wp:featuredmedia":[{"embeddable":true,"href":"https:\/\/www.puntociegoeditorial.com\/web\/wp-json\/wp\/v2\/media\/18882"}],"wp:attachment":[{"href":"https:\/\/www.puntociegoeditorial.com\/web\/wp-json\/wp\/v2\/media?parent=18881"}],"wp:term":[{"taxonomy":"category","embeddable":true,"href":"https:\/\/www.puntociegoeditorial.com\/web\/wp-json\/wp\/v2\/categories?post=18881"},{"taxonomy":"post_tag","embeddable":true,"href":"https:\/\/www.puntociegoeditorial.com\/web\/wp-json\/wp\/v2\/tags?post=18881"}],"curies":[{"name":"wp","href":"https:\/\/api.w.org\/{rel}","templated":true}]}}