{"id":18943,"date":"2022-08-25T14:41:55","date_gmt":"2022-08-25T20:41:55","guid":{"rendered":"http:\/\/puntociegoeditorial.com\/web\/?p=18943"},"modified":"2022-08-25T14:41:55","modified_gmt":"2022-08-25T20:41:55","slug":"a-planear-la-ruta-este-regreso-a-clases-exhorta-la-unidad-de-vialidad","status":"publish","type":"post","link":"https:\/\/www.puntociegoeditorial.com\/web\/2022\/08\/25\/a-planear-la-ruta-este-regreso-a-clases-exhorta-la-unidad-de-vialidad\/","title":{"rendered":"A PLANEAR LA RUTA ESTE REGRESO A CLASES, EXHORTA LA UNIDAD DE VIALIDAD"},"content":{"rendered":"\n<p>El personal est\u00e1 preparado para el resguardo de los escolares.<\/p>\n\n\n\n<p>Culiac\u00e1n, Sinaloa. \u2013 Polic\u00edas de Vialidad de la Secretar\u00eda de Seguridad P\u00fablica y Tr\u00e1nsito Municipal se encuentran listos ante el ingreso de cientos de ni\u00f1os de nivel prescolar, primaria y secundaria el pr\u00f3ximo lunes.<\/p>\n\n\n\n<p>El Director de la Unidad de Vialidad, el Subinspector, Jos\u00e9 Luis Torres Valdez inform\u00f3 que el personal ya est\u00e1 instruido para apoyar en los m\u00e1s de 90 planteles educativos y las principales vialidades para agilizar el tr\u00e1fico, indic\u00f3.<br>\u201cLa Unidad de Vialidad y Tr\u00e1nsito ya est\u00e1 preparada, para ello, instruimos al personal para apoyarlos. Te puedo comentar que en el d\u00eda se cubre aproximadamente un total de 90 escuelas, y en relaci\u00f3n a ellos, tambi\u00e9n se suma el apoyo sobre el conflicto de los cruceros con diferente personal, para que sea m\u00e1s fluida la circulaci\u00f3n\u201d, expres\u00f3.<\/p>\n\n\n\n<p>El funcionario hizo \u00e9nfasis en la importancia de planear la ruta con tiempo, as\u00ed como el uso del cintur\u00f3n de seguridad, tanto del conductor como los acompa\u00f1antes.<br>\u201cSalir un tiempo a criterio para no ponerse en riesgo por alg\u00fan choque o accidente que puedan tener en el momento que se desplacen, deben de utilizar su cintur\u00f3n, tanto el conductor, como el acompa\u00f1ante, los menores deben de ir en el asiento trasero tambi\u00e9n con su cintur\u00f3n ajustado, y solicitarles que nos apoyen tambi\u00e9n, llevando todo a la mano, sus \u00fatiles escolares que no los porten en la cajuela o equipaje, como le conocemos, para que al momento de arribar a las escuelas sea m\u00e1s \u00e1gil todo\u201d, explic\u00f3 el funcionario, que considero tambi\u00e9n de suma importancia el no usar el tel\u00e9fono celular al conducir.<\/p>\n\n\n\n<p>Torres Valdez recomend\u00f3 estacionarse en un lugar adecuado para no poner en riesgo a nuestros hijos.<br>\u201cTambi\u00e9n se hace la recomendaci\u00f3n de buscar un \u00e1rea adecuada para estacionarse, se les recomienda y se les hace la indicaci\u00f3n de no hacerlo en doble o triple fila, porque al momento de querer descender los alumnos, nuestros hijos, los ponemos en riesgo al tratar de cruzarlos entre los dem\u00e1s carros, es por eso que se les hacen las indicaciones de estacionarse moment\u00e1neamente en un lugar adecuado; y si lo van a hacer en frente de la escuela, hacerlo por la acera que les corresponde, para no ponerlos en riesgo\u201d, puntualiz\u00f3.<\/p>\n\n\n\n<p>Sobre las sanciones que ser\u00e1n aplicadas a los conductores que se estacionen en doble o triple fila, inform\u00f3 que ser\u00e1n las mismas, que no se omitir\u00e1n, por ello conmin\u00f3 a estacionarse de forma adecuada.<br>\u201cLa aplicaci\u00f3n de la Ley es la misma, no se va a omitir, si est\u00e1n en doble fila el elemento vial que est\u00e1 en el lugar va a proceder a elaborar el acta de hechos, es por eso, que se les hace la invitaci\u00f3n de que haya una coordinaci\u00f3n y nos apoyen en estacionar las unidades de forma adecuada\u201d, se\u00f1al\u00f3 el responsable de la vialidad, quien finaliz\u00f3 al mencionar, que los agentes se mantendr\u00e1n durante la entrada y salida de los menores durante los tres horarios asignados en las escuelas, a las que dar\u00e1n prioridad de acuerdo a su ubicaci\u00f3n por el riesgo que represente el desplazamiento de veh\u00edculos en la zona.<\/p>\n\n\n\n<p>Por instrucci\u00f3n del Gobierno Municipal, la SSPyTM realizar\u00e1 las acciones necesarias para mantener a la poblaci\u00f3n segura, as\u00ed como las vialidades prontas y expeditas.<\/p>\n","protected":false},"excerpt":{"rendered":"<p>El personal est\u00e1 preparado para el resguardo de los escolares. Culiac\u00e1n, Sinaloa. \u2013 Polic\u00edas de Vialidad de la Secretar\u00eda de Seguridad P\u00fablica y Tr\u00e1nsito Municipal se encuentran listos ante el ingreso de cientos de ni\u00f1os de nivel prescolar, primaria y secundaria el pr\u00f3ximo lunes. El Director de la Unidad de Vialidad, el Subinspector, Jos\u00e9 Luis [&hellip;]<\/p>\n","protected":false},"author":2,"featured_media":18948,"comment_status":"open","ping_status":"open","sticky":false,"template":"","format":"standard","meta":{"_mi_skip_tracking":false,"footnotes":""},"categories":[13],"tags":[46],"class_list":["post-18943","post","type-post","status-publish","format-standard","has-post-thumbnail","hentry","category-sinaloa","tag-sspytm"],"_links":{"self":[{"href":"https:\/\/www.puntociegoeditorial.com\/web\/wp-json\/wp\/v2\/posts\/18943","targetHints":{"allow":["GET"]}}],"collection":[{"href":"https:\/\/www.puntociegoeditorial.com\/web\/wp-json\/wp\/v2\/posts"}],"about":[{"href":"https:\/\/www.puntociegoeditorial.com\/web\/wp-json\/wp\/v2\/types\/post"}],"author":[{"embeddable":true,"href":"https:\/\/www.puntociegoeditorial.com\/web\/wp-json\/wp\/v2\/users\/2"}],"replies":[{"embeddable":true,"href":"https:\/\/www.puntociegoeditorial.com\/web\/wp-json\/wp\/v2\/comments?post=18943"}],"version-history":[{"count":1,"href":"https:\/\/www.puntociegoeditorial.com\/web\/wp-json\/wp\/v2\/posts\/18943\/revisions"}],"predecessor-version":[{"id":18949,"href":"https:\/\/www.puntociegoeditorial.com\/web\/wp-json\/wp\/v2\/posts\/18943\/revisions\/18949"}],"wp:featuredmedia":[{"embeddable":true,"href":"https:\/\/www.puntociegoeditorial.com\/web\/wp-json\/wp\/v2\/media\/18948"}],"wp:attachment":[{"href":"https:\/\/www.puntociegoeditorial.com\/web\/wp-json\/wp\/v2\/media?parent=18943"}],"wp:term":[{"taxonomy":"category","embeddable":true,"href":"https:\/\/www.puntociegoeditorial.com\/web\/wp-json\/wp\/v2\/categories?post=18943"},{"taxonomy":"post_tag","embeddable":true,"href":"https:\/\/www.puntociegoeditorial.com\/web\/wp-json\/wp\/v2\/tags?post=18943"}],"curies":[{"name":"wp","href":"https:\/\/api.w.org\/{rel}","templated":true}]}}