{"id":18944,"date":"2022-08-25T13:14:23","date_gmt":"2022-08-25T19:14:23","guid":{"rendered":"https:\/\/puntociegoeditorial.com\/web\/?p=18944"},"modified":"2022-08-25T13:14:23","modified_gmt":"2022-08-25T19:14:23","slug":"en-sinaloa-tenemos-jovenes-ejemplares-y-talentosos-isju","status":"publish","type":"post","link":"https:\/\/www.puntociegoeditorial.com\/web\/2022\/08\/25\/en-sinaloa-tenemos-jovenes-ejemplares-y-talentosos-isju\/","title":{"rendered":"<em>En Sinaloa tenemos j\u00f3venes ejemplares y talentosos: ISJU<\/em>"},"content":{"rendered":"\n<p><em>Reconocen a j\u00f3venes ejemplares y activistas sociales de Sinaloa<\/em><\/p>\n\n\n\n<p>Culiac\u00e1n, Sinaloa a 25 de agosto de 2022.- En el marco del d\u00eda internacional de la juventud, el director del Instituto Sinaloense de la Juventud Sa\u00fal Gerardo Meza L\u00f3pez asisti\u00f3 a la entrega de reconocimientos J\u00f3venes Ejemplares edici\u00f3n 2022 organizada por la asociaci\u00f3n civil Una Ayuda Una Sonrisa.<\/p>\n\n\n\n<p>En esta ceremonia se hizo entrega de reconocimientos a 27 j\u00f3venes destacados del municipio de Culiac\u00e1n en las categor\u00edas de c\u00edvico-social, art\u00edstico, deportivo, derechos humanos, salud, bomberos, Cruz Roja y protecci\u00f3n animal.<\/p>\n\n\n\n<p>En su mensaje el director del ISJU felicit\u00f3 a los galardonados por sus acciones sociales a favor de los j\u00f3venes y de la ciudadan\u00eda, poniendo en alto su desempe\u00f1o y esfuerzo.<\/p>\n\n\n\n<p>\u201cSomos j\u00f3venes que estamos evolucionando y que buscamos el bienestar en nuestro Estado, reconocemos que estos premios los hagan entre j\u00f3venes, vimos muchos talentos en diferentes rubros, dejando nuestro granito de arena para transformar nuestra sociedad\u201d expres\u00f3.<\/p>\n\n\n\n<p>Asimismo indic\u00f3 que en el tema juvenil se est\u00e1n desarrollando programas para incentivar la participaci\u00f3n de j\u00f3venes en causas sociales y que gracias al respaldo del gobernador Rub\u00e9n Rocha Moya se llegar\u00e1 a todas las juventudes de Sinaloa.<\/p>\n\n\n\n<p>Por su parte los j\u00f3venes galardonados agradecieron la premiaci\u00f3n que mediante nominaci\u00f3n de la ciudadan\u00eda se llev\u00f3 a cabo.<\/p>\n\n\n\n<p>En el evento estuvieron presentes Erik Antonio Zamora director del IMJU, Franciela Pe\u00f1a coordinadora estatal de la RIPO agenda 2030, Jos\u00e9 Eduardo Castillo presidente de Una Ayuda Una Sonrisa.<\/p>\n","protected":false},"excerpt":{"rendered":"<p>Reconocen a j\u00f3venes ejemplares y activistas sociales de Sinaloa Culiac\u00e1n, Sinaloa a 25 de agosto de 2022.- En el marco del d\u00eda internacional de la juventud, el director del Instituto Sinaloense de la Juventud Sa\u00fal Gerardo Meza L\u00f3pez asisti\u00f3 a la entrega de reconocimientos J\u00f3venes Ejemplares edici\u00f3n 2022 organizada por la asociaci\u00f3n civil Una Ayuda [&hellip;]<\/p>\n","protected":false},"author":2,"featured_media":18945,"comment_status":"open","ping_status":"open","sticky":false,"template":"","format":"standard","meta":{"_mi_skip_tracking":false,"footnotes":""},"categories":[13],"tags":[2362,134],"class_list":["post-18944","post","type-post","status-publish","format-standard","has-post-thumbnail","hentry","category-sinaloa","tag-isju","tag-ruben-rocha-moya"],"_links":{"self":[{"href":"https:\/\/www.puntociegoeditorial.com\/web\/wp-json\/wp\/v2\/posts\/18944","targetHints":{"allow":["GET"]}}],"collection":[{"href":"https:\/\/www.puntociegoeditorial.com\/web\/wp-json\/wp\/v2\/posts"}],"about":[{"href":"https:\/\/www.puntociegoeditorial.com\/web\/wp-json\/wp\/v2\/types\/post"}],"author":[{"embeddable":true,"href":"https:\/\/www.puntociegoeditorial.com\/web\/wp-json\/wp\/v2\/users\/2"}],"replies":[{"embeddable":true,"href":"https:\/\/www.puntociegoeditorial.com\/web\/wp-json\/wp\/v2\/comments?post=18944"}],"version-history":[{"count":1,"href":"https:\/\/www.puntociegoeditorial.com\/web\/wp-json\/wp\/v2\/posts\/18944\/revisions"}],"predecessor-version":[{"id":18946,"href":"https:\/\/www.puntociegoeditorial.com\/web\/wp-json\/wp\/v2\/posts\/18944\/revisions\/18946"}],"wp:featuredmedia":[{"embeddable":true,"href":"https:\/\/www.puntociegoeditorial.com\/web\/wp-json\/wp\/v2\/media\/18945"}],"wp:attachment":[{"href":"https:\/\/www.puntociegoeditorial.com\/web\/wp-json\/wp\/v2\/media?parent=18944"}],"wp:term":[{"taxonomy":"category","embeddable":true,"href":"https:\/\/www.puntociegoeditorial.com\/web\/wp-json\/wp\/v2\/categories?post=18944"},{"taxonomy":"post_tag","embeddable":true,"href":"https:\/\/www.puntociegoeditorial.com\/web\/wp-json\/wp\/v2\/tags?post=18944"}],"curies":[{"name":"wp","href":"https:\/\/api.w.org\/{rel}","templated":true}]}}