{"id":1896,"date":"2021-09-25T14:36:29","date_gmt":"2021-09-25T20:36:29","guid":{"rendered":"https:\/\/puntociegoeditorial.com\/web\/?p=1896"},"modified":"2021-09-25T14:36:29","modified_gmt":"2021-09-25T20:36:29","slug":"antes-de-la-pandemia-el-comercio-del-centro-vendia-80-mdp-ahora-no-llega-ni-al-20-por-ciento-ulcc","status":"publish","type":"post","link":"https:\/\/www.puntociegoeditorial.com\/web\/2021\/09\/25\/antes-de-la-pandemia-el-comercio-del-centro-vendia-80-mdp-ahora-no-llega-ni-al-20-por-ciento-ulcc\/","title":{"rendered":"Antes de la pandemia el comercio del centro vend\u00eda 80 MDP, ahora no llega ni al 20 por ciento: ULCC"},"content":{"rendered":"\n<p>Las ventas en el centro de Culiac\u00e1n se mantienen de la misma manera, bajas, debido al no regreso a clases de manera presencial, ya que est\u00e1 temporada suele ser una de las mejores del a\u00f1o, en donde en a\u00f1os anteriores el comercio de este sector lograba obtener ventas de hasta 80 millones de pesos, sin embargo, en este a\u00f1o no se ha logrado obtener ni siquiera el 20 por ciento, se\u00f1al\u00f3 \u00d3scar S\u00e1nchez Beltr\u00e1n.<\/p>\n\n\n\n<p>El Presidente de la Uni\u00f3n de Locatarios del Centro de Culiac\u00e1n, mencion\u00f3 que con el cambio del sem\u00e1foro epidemiol\u00f3gico a verde las ventas podr\u00edan incrementar, adem\u00e1s, se ha visto el regreso de clientes j\u00f3venes y personas de la tercera edad algo que no se hab\u00eda visto anteriormente, por lo que las expectativas son positivas para este cierre de a\u00f1o.<\/p>\n\n\n\n<p>Por otra parte, Sanchez Beltr\u00e1n expres\u00f3 que hasta el momento llevan un 25 por ciento de comercios verificados, esto con la finalidad de acersiorarse de que los establecimientos no est\u00e9n en malas condiciones en su infraestructura para de esta manera evitar un posible derrumbe como sucedi\u00f3 hace unos d\u00edas en una zapater\u00eda en el primer cuadro de la ciudad.<\/p>\n","protected":false},"excerpt":{"rendered":"<p>Las ventas en el centro de Culiac\u00e1n se mantienen de la misma manera, bajas, debido al no regreso a clases de manera presencial, ya que est\u00e1 temporada suele ser una de las mejores del a\u00f1o, en donde en a\u00f1os anteriores el comercio de este sector lograba obtener ventas de hasta 80 millones de pesos, sin [&hellip;]<\/p>\n","protected":false},"author":2,"featured_media":1897,"comment_status":"open","ping_status":"open","sticky":false,"template":"","format":"standard","meta":{"_mi_skip_tracking":false,"footnotes":""},"categories":[12],"tags":[26,445,444,446],"class_list":["post-1896","post","type-post","status-publish","format-standard","has-post-thumbnail","hentry","category-ciudad","tag-culiacan","tag-oscar-sanchez","tag-pandemia","tag-ulcc"],"_links":{"self":[{"href":"https:\/\/www.puntociegoeditorial.com\/web\/wp-json\/wp\/v2\/posts\/1896","targetHints":{"allow":["GET"]}}],"collection":[{"href":"https:\/\/www.puntociegoeditorial.com\/web\/wp-json\/wp\/v2\/posts"}],"about":[{"href":"https:\/\/www.puntociegoeditorial.com\/web\/wp-json\/wp\/v2\/types\/post"}],"author":[{"embeddable":true,"href":"https:\/\/www.puntociegoeditorial.com\/web\/wp-json\/wp\/v2\/users\/2"}],"replies":[{"embeddable":true,"href":"https:\/\/www.puntociegoeditorial.com\/web\/wp-json\/wp\/v2\/comments?post=1896"}],"version-history":[{"count":1,"href":"https:\/\/www.puntociegoeditorial.com\/web\/wp-json\/wp\/v2\/posts\/1896\/revisions"}],"predecessor-version":[{"id":1898,"href":"https:\/\/www.puntociegoeditorial.com\/web\/wp-json\/wp\/v2\/posts\/1896\/revisions\/1898"}],"wp:featuredmedia":[{"embeddable":true,"href":"https:\/\/www.puntociegoeditorial.com\/web\/wp-json\/wp\/v2\/media\/1897"}],"wp:attachment":[{"href":"https:\/\/www.puntociegoeditorial.com\/web\/wp-json\/wp\/v2\/media?parent=1896"}],"wp:term":[{"taxonomy":"category","embeddable":true,"href":"https:\/\/www.puntociegoeditorial.com\/web\/wp-json\/wp\/v2\/categories?post=1896"},{"taxonomy":"post_tag","embeddable":true,"href":"https:\/\/www.puntociegoeditorial.com\/web\/wp-json\/wp\/v2\/tags?post=1896"}],"curies":[{"name":"wp","href":"https:\/\/api.w.org\/{rel}","templated":true}]}}