{"id":18972,"date":"2022-08-25T16:10:07","date_gmt":"2022-08-25T22:10:07","guid":{"rendered":"https:\/\/puntociegoeditorial.com\/web\/?p=18972"},"modified":"2022-08-25T16:10:07","modified_gmt":"2022-08-25T22:10:07","slug":"viernes-y-sabado-festejaran-el-40-aniversario-de-la-municipalizacion-de-navolato","status":"publish","type":"post","link":"https:\/\/www.puntociegoeditorial.com\/web\/2022\/08\/25\/viernes-y-sabado-festejaran-el-40-aniversario-de-la-municipalizacion-de-navolato\/","title":{"rendered":"Viernes y s\u00e1bado festejar\u00e1n el 40 Aniversario de la Municipalizaci\u00f3n de Navolato"},"content":{"rendered":"\n<p>La Alcaldesa Margoth Urrea P\u00e9rez invit\u00f3 a todas las familias al gran evento c\u00edvico, cultural y art\u00edstico a realizarse en el Teatro del Pueblo.<br>Navolato, Sinaloa, jueves 25 de agosto de 2022.- El municipio m\u00e1s joven de Sinaloa est\u00e1 de manteles largos por su 40 Aniversario, la Presidenta Municipal de Navolato, Margoth Urrea P\u00e9rez, se\u00f1al\u00f3 que la celebraci\u00f3n tiene su historia desde la lucha por la municipalizaci\u00f3n la cual inici\u00f3 en el a\u00f1o 1923 pero se consolid\u00f3 hasta el 27 de agosto de 1982, d\u00eda que se declar\u00f3 la creaci\u00f3n del municipio de Navolato, hace 40 a\u00f1os.<br>Margoth Urrea P\u00e9rez asegur\u00f3 que el municipio ca\u00f1ero ha tenido avances con su autonom\u00eda y augur\u00f3 grandes beneficios durante su administraci\u00f3n, ya que cuenta con el apoyo del Gobernador Rub\u00e9n Rocha Moya para trabajar en equipo y defender la filosof\u00eda del Presidente de M\u00e9xico Andr\u00e9s Manuel L\u00f3pez Obrador por el bienestar de todos los mexicanos y de todos los navolatenses.<br>La alcaldesa inform\u00f3 que entre los invitados al evento se encuentran el Gobernador de Sinaloa, legisladores federales y locales, presidentes municipales, as\u00ed como funcionarios estatales y servidores p\u00fablicos del H. Ayuntamiento de Navolato, al se\u00f1alar que es una fiesta para que todas las familias acudan a disfrutar de un gran espect\u00e1culo cultural y art\u00edstico, as\u00ed como presenciar el hist\u00f3rico acto c\u00edvico de la \u201cSesi\u00f3n Solemne de Cabildo\u201d.<br>\u201cLos eventos ser\u00e1n gratuitos y abiertos a todo el p\u00fablico en general, para todos los que gusten venir. Aqu\u00ed los esperamos con mucho gusto en nuestro municipio para celebrar el 40 aniversario de la municipalizaci\u00f3n de Navolato. Es una fiesta, hay que festejar\u201d.<br>La Presidenta Municipal de Navolato detall\u00f3 que los festejos se realizar\u00e1n el viernes 26 y s\u00e1bado 27 de agosto a partir de las 17:00 horas en el Teatro del Pueblo (Plazuela Vicente Guerrero); ser\u00e1 el d\u00eda s\u00e1bado cuando se lleve a cabo la Sesi\u00f3n Solemne de Cabildo a las 19:00 horas con la presencia de diversas autoridades. Al concluir el acto c\u00edvico amenizar\u00e1 el Grupo Los Kalis.<\/p>\n","protected":false},"excerpt":{"rendered":"<p>La Alcaldesa Margoth Urrea P\u00e9rez invit\u00f3 a todas las familias al gran evento c\u00edvico, cultural y art\u00edstico a realizarse en el Teatro del Pueblo.Navolato, Sinaloa, jueves 25 de agosto de 2022.- El municipio m\u00e1s joven de Sinaloa est\u00e1 de manteles largos por su 40 Aniversario, la Presidenta Municipal de Navolato, Margoth Urrea P\u00e9rez, se\u00f1al\u00f3 que [&hellip;]<\/p>\n","protected":false},"author":2,"featured_media":18973,"comment_status":"open","ping_status":"open","sticky":false,"template":"","format":"standard","meta":{"_mi_skip_tracking":false,"footnotes":""},"categories":[12],"tags":[472,106],"class_list":["post-18972","post","type-post","status-publish","format-standard","has-post-thumbnail","hentry","category-ciudad","tag-margoth-urrea","tag-navolato"],"_links":{"self":[{"href":"https:\/\/www.puntociegoeditorial.com\/web\/wp-json\/wp\/v2\/posts\/18972","targetHints":{"allow":["GET"]}}],"collection":[{"href":"https:\/\/www.puntociegoeditorial.com\/web\/wp-json\/wp\/v2\/posts"}],"about":[{"href":"https:\/\/www.puntociegoeditorial.com\/web\/wp-json\/wp\/v2\/types\/post"}],"author":[{"embeddable":true,"href":"https:\/\/www.puntociegoeditorial.com\/web\/wp-json\/wp\/v2\/users\/2"}],"replies":[{"embeddable":true,"href":"https:\/\/www.puntociegoeditorial.com\/web\/wp-json\/wp\/v2\/comments?post=18972"}],"version-history":[{"count":1,"href":"https:\/\/www.puntociegoeditorial.com\/web\/wp-json\/wp\/v2\/posts\/18972\/revisions"}],"predecessor-version":[{"id":18974,"href":"https:\/\/www.puntociegoeditorial.com\/web\/wp-json\/wp\/v2\/posts\/18972\/revisions\/18974"}],"wp:featuredmedia":[{"embeddable":true,"href":"https:\/\/www.puntociegoeditorial.com\/web\/wp-json\/wp\/v2\/media\/18973"}],"wp:attachment":[{"href":"https:\/\/www.puntociegoeditorial.com\/web\/wp-json\/wp\/v2\/media?parent=18972"}],"wp:term":[{"taxonomy":"category","embeddable":true,"href":"https:\/\/www.puntociegoeditorial.com\/web\/wp-json\/wp\/v2\/categories?post=18972"},{"taxonomy":"post_tag","embeddable":true,"href":"https:\/\/www.puntociegoeditorial.com\/web\/wp-json\/wp\/v2\/tags?post=18972"}],"curies":[{"name":"wp","href":"https:\/\/api.w.org\/{rel}","templated":true}]}}