{"id":18988,"date":"2022-08-25T17:24:32","date_gmt":"2022-08-25T23:24:32","guid":{"rendered":"https:\/\/puntociegoeditorial.com\/web\/?p=18988"},"modified":"2022-08-25T17:24:32","modified_gmt":"2022-08-25T23:24:32","slug":"ayuntamiento-de-culiacan-y-sistema-dif-firman-convenio-de-colaboracion-con-centros-de-integracion-juvenil-a-c","status":"publish","type":"post","link":"https:\/\/www.puntociegoeditorial.com\/web\/2022\/08\/25\/ayuntamiento-de-culiacan-y-sistema-dif-firman-convenio-de-colaboracion-con-centros-de-integracion-juvenil-a-c\/","title":{"rendered":"<em>Ayuntamiento de Culiac\u00e1n y Sistema DIF, firman convenio de colaboraci\u00f3n con Centros de Integraci\u00f3n Juvenil A.C.<\/em>"},"content":{"rendered":"\n<p>Culiac\u00e1n, Sin., a 25 de agosto de 2022.- Para mejorar las condiciones de bienestar de los j\u00f3venes culiacanenses, se llev\u00f3 a cabo la firma de convenio de colaboraci\u00f3n entre el Ayuntamiento de Culiac\u00e1n, el Sistema DIF y el Patronato de Centros de Integraci\u00f3n Juvenil A. C.<\/p>\n\n\n\n<p>Durante la ceremonia, la presidenta de Sistema DIF Municipal, Irma Nydia Gasca Aldama, destac\u00f3 que esta alianza es un paso m\u00e1s para el bienestar de las familias de Culiac\u00e1n, espec\u00edficamente para este sector de la poblaci\u00f3n que se ha visto vulnerada, lo cual obedece a uno de los 5 ejes fundamentales de la instituci\u00f3n que representa.<\/p>\n\n\n\n<p>Asimismo, resalt\u00f3 la importancia de la capacitaci\u00f3n al personal que atiende a los internos, as\u00ed como al personal de DIF, quienes en ocasiones los canalizan a estos centros, por ello, se comprometi\u00f3 a brind\u00e1rselas para garantizar el tratamiento y la rehabilitaci\u00f3n de las conductas adictivas que presentan estos j\u00f3venes.<\/p>\n\n\n\n<p>Por su parte, Kena Moreno, vicepresidenta del patronato de los Centros de Integraci\u00f3n Juvenil, expres\u00f3 su gratitud tanto hacia el Ayuntamiento, como al Sistema DIF por la disposici\u00f3n y el gran apoyo que la firma de este convenio representa para los centros de rehabilitaci\u00f3n.<\/p>\n\n\n\n<p>Finalmente, el Secretario de Ayuntamiento, Leobardo Gallardo, enfatiz\u00f3 la importancia de continuar coordin\u00e1ndose con este tipo de organizaciones civiles, pues enfocarse en apoyar a la poblaci\u00f3n en cuesti\u00f3n de adicciones abona a mejorar aspectos b\u00e1sicos de la sociedad, tal es el caso de la seguridad p\u00fablica, el desarrollo econ\u00f3mico y social del municipio, lo cual es ben\u00e9fico para todas las partes involucradas y para la sociedad en general.<\/p>\n","protected":false},"excerpt":{"rendered":"<p>Culiac\u00e1n, Sin., a 25 de agosto de 2022.- Para mejorar las condiciones de bienestar de los j\u00f3venes culiacanenses, se llev\u00f3 a cabo la firma de convenio de colaboraci\u00f3n entre el Ayuntamiento de Culiac\u00e1n, el Sistema DIF y el Patronato de Centros de Integraci\u00f3n Juvenil A. C. Durante la ceremonia, la presidenta de Sistema DIF Municipal, [&hellip;]<\/p>\n","protected":false},"author":2,"featured_media":18989,"comment_status":"open","ping_status":"open","sticky":false,"template":"","format":"standard","meta":{"_mi_skip_tracking":false,"footnotes":""},"categories":[12],"tags":[697,2140],"class_list":["post-18988","post","type-post","status-publish","format-standard","has-post-thumbnail","hentry","category-ciudad","tag-ayuntamiento-de-culiacan","tag-sistema-dif-de-sinaloa"],"_links":{"self":[{"href":"https:\/\/www.puntociegoeditorial.com\/web\/wp-json\/wp\/v2\/posts\/18988","targetHints":{"allow":["GET"]}}],"collection":[{"href":"https:\/\/www.puntociegoeditorial.com\/web\/wp-json\/wp\/v2\/posts"}],"about":[{"href":"https:\/\/www.puntociegoeditorial.com\/web\/wp-json\/wp\/v2\/types\/post"}],"author":[{"embeddable":true,"href":"https:\/\/www.puntociegoeditorial.com\/web\/wp-json\/wp\/v2\/users\/2"}],"replies":[{"embeddable":true,"href":"https:\/\/www.puntociegoeditorial.com\/web\/wp-json\/wp\/v2\/comments?post=18988"}],"version-history":[{"count":1,"href":"https:\/\/www.puntociegoeditorial.com\/web\/wp-json\/wp\/v2\/posts\/18988\/revisions"}],"predecessor-version":[{"id":18990,"href":"https:\/\/www.puntociegoeditorial.com\/web\/wp-json\/wp\/v2\/posts\/18988\/revisions\/18990"}],"wp:featuredmedia":[{"embeddable":true,"href":"https:\/\/www.puntociegoeditorial.com\/web\/wp-json\/wp\/v2\/media\/18989"}],"wp:attachment":[{"href":"https:\/\/www.puntociegoeditorial.com\/web\/wp-json\/wp\/v2\/media?parent=18988"}],"wp:term":[{"taxonomy":"category","embeddable":true,"href":"https:\/\/www.puntociegoeditorial.com\/web\/wp-json\/wp\/v2\/categories?post=18988"},{"taxonomy":"post_tag","embeddable":true,"href":"https:\/\/www.puntociegoeditorial.com\/web\/wp-json\/wp\/v2\/tags?post=18988"}],"curies":[{"name":"wp","href":"https:\/\/api.w.org\/{rel}","templated":true}]}}