{"id":18992,"date":"2022-08-25T17:56:24","date_gmt":"2022-08-25T23:56:24","guid":{"rendered":"https:\/\/puntociegoeditorial.com\/web\/?p=18992"},"modified":"2022-08-25T17:56:24","modified_gmt":"2022-08-25T23:56:24","slug":"conmemora-immujeres-dia-naranja-en-culiacan","status":"publish","type":"post","link":"https:\/\/www.puntociegoeditorial.com\/web\/2022\/08\/25\/conmemora-immujeres-dia-naranja-en-culiacan\/","title":{"rendered":"<em>Conmemora IMMUJERES D\u00eda Naranja en Culiac\u00e1n<\/em>"},"content":{"rendered":"\n<p>Culiac\u00e1n, Sin., a 25 de agosto de 2022.- Para continuar conmemorando y visibilizando la importancia del d\u00eda 25 de cada mes, el cual se ha declarado por la ONU como el D\u00eda de la No Violencia Contra la Mujer o D\u00eda Naranja, el Instituto Municipal de las Mujeres, llev\u00f3 a cabo un volanteo en la avenida principal de la ciudad.<\/p>\n\n\n\n<p>Con la presencia de una ola de asistentes vestidos de color naranja, se repartieron volantes entre los conductores, esto con el objetivo de dar a conocer los servicios que el IMMUJERES ofrece para las personas que se encuentran en situaci\u00f3n de vulnerabilidad por violencia.<\/p>\n\n\n\n<p>Asimismo, se realiz\u00f3 una activaci\u00f3n donde a trav\u00e9s de pintura color naranja se colocaron las palmas de las manos extendidas sobre papel blanco, simbolizando la se\u00f1al de alto a la violencia, misma que estuvo rodeada por pancartas con frases alusivas como: \u00abYo Me Uno\u00bb, \u00ab\u00a1Denuncia!\u00bb, y algunas otras que motivan a las v\u00edctimas a encontrar una salida.<\/p>\n\n\n\n<p>La titular del IMMUJERES, Elizabeth V\u00e1zquez G\u00f3mez Llanos, se\u00f1al\u00f3 que el Instituto tiene diversos programas de ayuda tanto psicol\u00f3gica, como jur\u00eddica, de forma totalmente gratuita para todas aquellas personas que se encuentran viviendo una situaci\u00f3n de violencia.<\/p>\n\n\n\n<p>De igual forma, explic\u00f3 que tras la activaci\u00f3n, se llev\u00f3 a cabo un curso de capacitaci\u00f3n para trabajadores de diversas \u00e1reas de la Comuna, el cual lleva por nombre \u00abLa Violencia Contra las Mujeres como un Problema Social: Experiencias de Violencia en la Familia de Origen Actual\u00bb, que tiene como objetivo erradicar las pr\u00e1cticas de normalizaci\u00f3n de las conductas violentas en los entornos cercanos.<\/p>\n\n\n\n<p>Finalmente, la funcionaria municipal record\u00f3 que, si bien, el d\u00eda 25 de cada mes es cuando se conmemora el D\u00eda de la No Violencia Contra la Mujer, la instituci\u00f3n a su cargo trabaja diariamente con visitas y recorridos de concientizaci\u00f3n en colonias y sindicaturas, as\u00ed como en diversos puntos de la ciudad que concentran una gran afluencia de personas.<\/p>\n","protected":false},"excerpt":{"rendered":"<p>Culiac\u00e1n, Sin., a 25 de agosto de 2022.- Para continuar conmemorando y visibilizando la importancia del d\u00eda 25 de cada mes, el cual se ha declarado por la ONU como el D\u00eda de la No Violencia Contra la Mujer o D\u00eda Naranja, el Instituto Municipal de las Mujeres, llev\u00f3 a cabo un volanteo en la [&hellip;]<\/p>\n","protected":false},"author":2,"featured_media":18993,"comment_status":"open","ping_status":"open","sticky":false,"template":"","format":"standard","meta":{"_mi_skip_tracking":false,"footnotes":""},"categories":[12],"tags":[971],"class_list":["post-18992","post","type-post","status-publish","format-standard","has-post-thumbnail","hentry","category-ciudad","tag-inmujeres"],"_links":{"self":[{"href":"https:\/\/www.puntociegoeditorial.com\/web\/wp-json\/wp\/v2\/posts\/18992","targetHints":{"allow":["GET"]}}],"collection":[{"href":"https:\/\/www.puntociegoeditorial.com\/web\/wp-json\/wp\/v2\/posts"}],"about":[{"href":"https:\/\/www.puntociegoeditorial.com\/web\/wp-json\/wp\/v2\/types\/post"}],"author":[{"embeddable":true,"href":"https:\/\/www.puntociegoeditorial.com\/web\/wp-json\/wp\/v2\/users\/2"}],"replies":[{"embeddable":true,"href":"https:\/\/www.puntociegoeditorial.com\/web\/wp-json\/wp\/v2\/comments?post=18992"}],"version-history":[{"count":1,"href":"https:\/\/www.puntociegoeditorial.com\/web\/wp-json\/wp\/v2\/posts\/18992\/revisions"}],"predecessor-version":[{"id":18994,"href":"https:\/\/www.puntociegoeditorial.com\/web\/wp-json\/wp\/v2\/posts\/18992\/revisions\/18994"}],"wp:featuredmedia":[{"embeddable":true,"href":"https:\/\/www.puntociegoeditorial.com\/web\/wp-json\/wp\/v2\/media\/18993"}],"wp:attachment":[{"href":"https:\/\/www.puntociegoeditorial.com\/web\/wp-json\/wp\/v2\/media?parent=18992"}],"wp:term":[{"taxonomy":"category","embeddable":true,"href":"https:\/\/www.puntociegoeditorial.com\/web\/wp-json\/wp\/v2\/categories?post=18992"},{"taxonomy":"post_tag","embeddable":true,"href":"https:\/\/www.puntociegoeditorial.com\/web\/wp-json\/wp\/v2\/tags?post=18992"}],"curies":[{"name":"wp","href":"https:\/\/api.w.org\/{rel}","templated":true}]}}