{"id":18995,"date":"2022-08-25T17:57:28","date_gmt":"2022-08-25T23:57:28","guid":{"rendered":"https:\/\/puntociegoeditorial.com\/web\/?p=18995"},"modified":"2022-08-25T17:57:28","modified_gmt":"2022-08-25T23:57:28","slug":"con-aula-movil-se-contribuira-a-resolver-rezago-educativo-en-la-colonia-bicentenario","status":"publish","type":"post","link":"https:\/\/www.puntociegoeditorial.com\/web\/2022\/08\/25\/con-aula-movil-se-contribuira-a-resolver-rezago-educativo-en-la-colonia-bicentenario\/","title":{"rendered":"<em>Con \u201cAula M\u00f3vil\u201d se contribuir\u00e1 a resolver rezago educativo en la colonia Bicentenario<\/em>"},"content":{"rendered":"\n<p>Culiac\u00e1n, Sin., a 25 de agosto del 2022.- A partir del lunes 29 de agosto, se pondr\u00e1 en marcha el programa \u201cAula M\u00f3vil\u201d, en la colonia Bicentenario en coordinaci\u00f3n con la SEP y la CONAFE; esto con el objetivo de contribuir a abatir el rezago educativo en dicho sector.<\/p>\n\n\n\n<p>Se estima que al menos 25 ni\u00f1os de edades entre los 9 a 16 a\u00f1os puedan reincorporarse al esquema educativo, pues muchos de ellos han desertado en su educaci\u00f3n, debido a que no hay planteles suficientes en la zona y el ingreso a escuelas de colonias aleda\u00f1as, genera un costo que las familias no pueden costear.<\/p>\n\n\n\n<p>Gracias a los trabajos de levantamiento del Ayuntamiento de Culiac\u00e1n, la unidad que cuenta con todo lo necesario para impartir las clases, lleg\u00f3 al sector.<\/p>\n\n\n\n<p>Berenice, quien ha sido maestra voluntaria en la colonia, agradeci\u00f3 al alcalde Juan de Dios G\u00e1mez Mend\u00edvil, y a las instituciones respectivas por hacer realidad este proyecto.<\/p>\n\n\n\n<p>\u201cAgradecemos las voluntades que hicieron esto posible, al menos 25 ni\u00f1os podr\u00e1n volver a estudiar y esperamos llegar a 45 en total. Desde hace dos a\u00f1os estamos trabajando en combatir el rezago educativo, antes con el programa \u201cMi Escuelita\u201d, agradecemos al alcalde Juan de Dios G\u00e1mez Mend\u00edvil\u201d, expres\u00f3.<\/p>\n\n\n\n<p>Asimismo, indic\u00f3 que es importante que se realicen actividades recreativas y culturales para evitar que los j\u00f3venes caigan en actividades il\u00edcitas y peligrosas, por eso las familias agradecen que se contin\u00faen con proyectos como el \u201cAula M\u00f3vil\u201d.<\/p>\n","protected":false},"excerpt":{"rendered":"<p>Culiac\u00e1n, Sin., a 25 de agosto del 2022.- A partir del lunes 29 de agosto, se pondr\u00e1 en marcha el programa \u201cAula M\u00f3vil\u201d, en la colonia Bicentenario en coordinaci\u00f3n con la SEP y la CONAFE; esto con el objetivo de contribuir a abatir el rezago educativo en dicho sector. Se estima que al menos 25 [&hellip;]<\/p>\n","protected":false},"author":2,"featured_media":18996,"comment_status":"open","ping_status":"open","sticky":false,"template":"","format":"standard","meta":{"_mi_skip_tracking":false,"footnotes":""},"categories":[12],"tags":[2370,697,188],"class_list":["post-18995","post","type-post","status-publish","format-standard","has-post-thumbnail","hentry","category-ciudad","tag-aula-movil","tag-ayuntamiento-de-culiacan","tag-sep"],"_links":{"self":[{"href":"https:\/\/www.puntociegoeditorial.com\/web\/wp-json\/wp\/v2\/posts\/18995","targetHints":{"allow":["GET"]}}],"collection":[{"href":"https:\/\/www.puntociegoeditorial.com\/web\/wp-json\/wp\/v2\/posts"}],"about":[{"href":"https:\/\/www.puntociegoeditorial.com\/web\/wp-json\/wp\/v2\/types\/post"}],"author":[{"embeddable":true,"href":"https:\/\/www.puntociegoeditorial.com\/web\/wp-json\/wp\/v2\/users\/2"}],"replies":[{"embeddable":true,"href":"https:\/\/www.puntociegoeditorial.com\/web\/wp-json\/wp\/v2\/comments?post=18995"}],"version-history":[{"count":1,"href":"https:\/\/www.puntociegoeditorial.com\/web\/wp-json\/wp\/v2\/posts\/18995\/revisions"}],"predecessor-version":[{"id":18997,"href":"https:\/\/www.puntociegoeditorial.com\/web\/wp-json\/wp\/v2\/posts\/18995\/revisions\/18997"}],"wp:featuredmedia":[{"embeddable":true,"href":"https:\/\/www.puntociegoeditorial.com\/web\/wp-json\/wp\/v2\/media\/18996"}],"wp:attachment":[{"href":"https:\/\/www.puntociegoeditorial.com\/web\/wp-json\/wp\/v2\/media?parent=18995"}],"wp:term":[{"taxonomy":"category","embeddable":true,"href":"https:\/\/www.puntociegoeditorial.com\/web\/wp-json\/wp\/v2\/categories?post=18995"},{"taxonomy":"post_tag","embeddable":true,"href":"https:\/\/www.puntociegoeditorial.com\/web\/wp-json\/wp\/v2\/tags?post=18995"}],"curies":[{"name":"wp","href":"https:\/\/api.w.org\/{rel}","templated":true}]}}