{"id":19096,"date":"2022-08-27T13:26:37","date_gmt":"2022-08-27T19:26:37","guid":{"rendered":"http:\/\/puntociegoeditorial.com\/web\/?p=19096"},"modified":"2022-08-27T13:26:37","modified_gmt":"2022-08-27T19:26:37","slug":"anuncia-tomateros-de-culiacan-su-legion-extranjera","status":"publish","type":"post","link":"https:\/\/www.puntociegoeditorial.com\/web\/2022\/08\/27\/anuncia-tomateros-de-culiacan-su-legion-extranjera\/","title":{"rendered":"Anuncia Tomateros de Culiac\u00e1n su legi\u00f3n extranjera"},"content":{"rendered":"\n<p>El \u00e1rea deportiva de Tomateros de Culiac\u00e1n, acelera el paso rumbo al inicio de la temporada 2022-23 de la Liga ARCO Mexicana del Pac\u00edfico (LaMP).<\/p>\n\n\n\n<p>Mario Valdez repasa los extranjeros ya confirmados, antes del inicio de la pretemporada, que tiene como fecha pactada el 9 de septiembre.<\/p>\n\n\n\n<p>\u201cEstamos muy contentos, de acuerdo a las contrataciones que hemos hecho hasta el momento\u201d, expres\u00f3 Valdez en entrevista. \u201cDe inicio tenemos a dos abridores, Kurt Heyer pitcher derecho, Hayato Takagi, igual pitcher derecho\u201d, mencion\u00f3.<\/p>\n\n\n\n<p>\u201cEn lo que corresponde al relevo, que este a\u00f1o viene muy bien reforzado, tenemos a Ryan Clark, pitcher derecho; Roel Ram\u00edrez, igual, pitcher derecho. \u00c9l (Ram\u00edrez), estar\u00e1 reportando entre una semana y diez d\u00edas despu\u00e9s de haber iniciado\u201d, agreg\u00f3.<\/p>\n\n\n\n<p>Sobre Sam Dyson, el primer extranjero que se anunci\u00f3 de cara a la siguiente campa\u00f1a, expres\u00f3: \u201cvendr\u00eda a ser nuestro cerrador de inicio, porque ya en la segunda vuelta, se estar\u00eda reportando Alberto Baldonado\u201d.<\/p>\n\n\n\n<p>Finalizado el tema de los for\u00e1neos que vienen a redondear el cuerpo de lanzadores, Valdez se refiri\u00f3 a los ca\u00f1oneros cuya misi\u00f3n es mejorar a la ofensiva con m\u00e1s alto promedio de bateo en la 2021-22 (.281).<\/p>\n\n\n\n<p>\u201cEn lo que corresponde a jugadores de posici\u00f3n, tenemos contratado a dos jardineros, uno es Alfredo L\u00f3pez, que estuvo con los Generales de Durango y el otro es Stone Garrett, que estaba en la AAA de Arizona, pero ya tiene una semana m\u00e1s o menos que lo subieron al equipo grande\u201d, dijo.<\/p>\n\n\n\n<p>FUERTE TRABAJO DE INTELIGENCIA DEPORTIVA<\/p>\n\n\n\n<p>El Gerente Deportivo guinda, se refiri\u00f3 al camino para llegar a la elecci\u00f3n de los elementos ya mencionados. \u201cEn cada uno se trabaj\u00f3 el an\u00e1lisis, la comparativa con las diferentes opciones que ten\u00edamos y estos que escogimos, creemos que fue de lo mejor que ten\u00edamos en este momento\u201d, afirm\u00f3.<\/p>\n\n\n\n<p>\u201cTodo eso es con base en un an\u00e1lisis que se hace, de acuerdo a las necesidades que vamos a tener para este a\u00f1o\u201d, abund\u00f3.<\/p>\n\n\n\n<p>LA PRETEMPORADA<\/p>\n\n\n\n<p>En menos de quince d\u00edas, llegan los primeros peloteros guindas a trabajar hacia la acci\u00f3n que comienza el 11 de octubre.<\/p>\n\n\n\n<p>\u201cYa estamos muy pr\u00f3ximos a arrancar con esto\u201d, dijo. \u201cLos entrenamientos van a ser en la Liga JAPAC, ah\u00ed de inicio. Posteriormente, despu\u00e9s de dos semanas, empezaremos nuestros juegos de exhibici\u00f3n. Algunos ser\u00e1n aqu\u00ed a los alrededores, iremos a Estados Unidos, va a haber un juego en honor a Jaime Blancarte en San Ignacio en contra de Mazatl\u00e1n, tambi\u00e9n vamos a jugar la Copa Gobernador en Guam\u00fachil\u201d.<\/p>\n\n\n\n<p>Finalmente, Valdez dio a conocer sobre una tradici\u00f3n de pretemporada que comenz\u00f3 en 2021 y se busca repetir, a\u00f1o con a\u00f1o.<\/p>\n\n\n\n<p>\u201cEl a\u00f1o pasado ya tuvimos un juego de exhibici\u00f3n ah\u00ed en la Academia de Carlos Ur\u00edas (pap\u00e1) y lo queremos hacer una tradici\u00f3n. Ese juego ya est\u00e1 programado para jugarse tambi\u00e9n<\/p>\n","protected":false},"excerpt":{"rendered":"<p>El \u00e1rea deportiva de Tomateros de Culiac\u00e1n, acelera el paso rumbo al inicio de la temporada 2022-23 de la Liga ARCO Mexicana del Pac\u00edfico (LaMP). Mario Valdez repasa los extranjeros ya confirmados, antes del inicio de la pretemporada, que tiene como fecha pactada el 9 de septiembre. \u201cEstamos muy contentos, de acuerdo a las contrataciones [&hellip;]<\/p>\n","protected":false},"author":2,"featured_media":19097,"comment_status":"open","ping_status":"open","sticky":false,"template":"","format":"standard","meta":{"_mi_skip_tracking":false,"footnotes":""},"categories":[16],"tags":[63,123],"class_list":["post-19096","post","type-post","status-publish","format-standard","has-post-thumbnail","hentry","category-accion","tag-lamp","tag-tomateros-de-culiacan"],"_links":{"self":[{"href":"https:\/\/www.puntociegoeditorial.com\/web\/wp-json\/wp\/v2\/posts\/19096","targetHints":{"allow":["GET"]}}],"collection":[{"href":"https:\/\/www.puntociegoeditorial.com\/web\/wp-json\/wp\/v2\/posts"}],"about":[{"href":"https:\/\/www.puntociegoeditorial.com\/web\/wp-json\/wp\/v2\/types\/post"}],"author":[{"embeddable":true,"href":"https:\/\/www.puntociegoeditorial.com\/web\/wp-json\/wp\/v2\/users\/2"}],"replies":[{"embeddable":true,"href":"https:\/\/www.puntociegoeditorial.com\/web\/wp-json\/wp\/v2\/comments?post=19096"}],"version-history":[{"count":1,"href":"https:\/\/www.puntociegoeditorial.com\/web\/wp-json\/wp\/v2\/posts\/19096\/revisions"}],"predecessor-version":[{"id":19098,"href":"https:\/\/www.puntociegoeditorial.com\/web\/wp-json\/wp\/v2\/posts\/19096\/revisions\/19098"}],"wp:featuredmedia":[{"embeddable":true,"href":"https:\/\/www.puntociegoeditorial.com\/web\/wp-json\/wp\/v2\/media\/19097"}],"wp:attachment":[{"href":"https:\/\/www.puntociegoeditorial.com\/web\/wp-json\/wp\/v2\/media?parent=19096"}],"wp:term":[{"taxonomy":"category","embeddable":true,"href":"https:\/\/www.puntociegoeditorial.com\/web\/wp-json\/wp\/v2\/categories?post=19096"},{"taxonomy":"post_tag","embeddable":true,"href":"https:\/\/www.puntociegoeditorial.com\/web\/wp-json\/wp\/v2\/tags?post=19096"}],"curies":[{"name":"wp","href":"https:\/\/api.w.org\/{rel}","templated":true}]}}