{"id":19101,"date":"2022-08-27T16:41:57","date_gmt":"2022-08-27T22:41:57","guid":{"rendered":"http:\/\/puntociegoeditorial.com\/web\/?p=19101"},"modified":"2022-08-27T16:41:57","modified_gmt":"2022-08-27T22:41:57","slug":"alcalde-y-presidenta-del-dif-atienden-a-damnificados-por-lluvia-en-los-mezcales","status":"publish","type":"post","link":"https:\/\/www.puntociegoeditorial.com\/web\/2022\/08\/27\/alcalde-y-presidenta-del-dif-atienden-a-damnificados-por-lluvia-en-los-mezcales\/","title":{"rendered":"Alcalde y presidenta del DIF atienden a damnificados por lluvia en Los Mezcales"},"content":{"rendered":"\n<p>Culiac\u00e1n, Sin., a 27 de agosto de 2022.- Ante la emergencia generada por la lluvia registrada el d\u00eda de ayer en la ciudad, el alcalde Juan de Dios G\u00e1mez Mend\u00edvil instruy\u00f3 apoyar de manera inmediata a las familias afectadas, con alimentos, atenci\u00f3n m\u00e9dica, y obras para prevenir nuevas inundaciones y afectaciones.<\/p>\n\n\n\n<p>Tras el paso del fen\u00f3meno meteorol\u00f3gico, el primer edil, acompa\u00f1ado por la presidenta del Sistema DIF Culiac\u00e1n, Irma Nidya Gasca Aldama, y el titular de la Coordinaci\u00f3n Municipal de Protecci\u00f3n Civil, Jes\u00fas Bill Mendoza, visit\u00f3 el Polideportivo de la Universidad Aut\u00f3noma de Sinaloa, para ver las condiciones en que se encuentran los evacuados de la colonia Los Mezcales; y posteriormente recorri\u00f3 las viviendas que resultaron da\u00f1adas en este mismo sector.<\/p>\n\n\n\n<p>Durante la evaluaci\u00f3n del lugar, tambi\u00e9n se inici\u00f3 el levantamiento de un censo por parte de DIF Culiac\u00e1n, esto con la finalidad de recabar las necesidades de las familias de la zona.<\/p>\n\n\n\n<p>\u00abEstamos de visita aqu\u00ed para ver las necesidades que presentan y decirles que no est\u00e1n solos, que cuentan con nosotros\u00bb, se\u00f1al\u00f3 el presidente municipal.<\/p>\n\n\n\n<p>Finalmente, G\u00e1mez Mend\u00edvil, encomend\u00f3 a la Secretar\u00eda de Obras y Servicios P\u00fablicos arrancar con un proyecto para la mejora de la infraestructura vial de la zona, con la pavimentaci\u00f3n de calles e instalaci\u00f3n de drenaje pluvial, para evitar futuras inundaciones en el sector.<br>Para atender la emergencia, el DIF Culiac\u00e1n habilit\u00f3 un comedor comunitario para alimentar a los habitantes de Los Mezcales, adem\u00e1s de les entregaron despensas y kits de limpieza.<\/p>\n","protected":false},"excerpt":{"rendered":"<p>Culiac\u00e1n, Sin., a 27 de agosto de 2022.- Ante la emergencia generada por la lluvia registrada el d\u00eda de ayer en la ciudad, el alcalde Juan de Dios G\u00e1mez Mend\u00edvil instruy\u00f3 apoyar de manera inmediata a las familias afectadas, con alimentos, atenci\u00f3n m\u00e9dica, y obras para prevenir nuevas inundaciones y afectaciones. Tras el paso del [&hellip;]<\/p>\n","protected":false},"author":2,"featured_media":19106,"comment_status":"open","ping_status":"open","sticky":false,"template":"","format":"standard","meta":{"_mi_skip_tracking":false,"footnotes":""},"categories":[12],"tags":[697,1987],"class_list":["post-19101","post","type-post","status-publish","format-standard","has-post-thumbnail","hentry","category-ciudad","tag-ayuntamiento-de-culiacan","tag-juan-de-dios-gamez-mendivil"],"_links":{"self":[{"href":"https:\/\/www.puntociegoeditorial.com\/web\/wp-json\/wp\/v2\/posts\/19101","targetHints":{"allow":["GET"]}}],"collection":[{"href":"https:\/\/www.puntociegoeditorial.com\/web\/wp-json\/wp\/v2\/posts"}],"about":[{"href":"https:\/\/www.puntociegoeditorial.com\/web\/wp-json\/wp\/v2\/types\/post"}],"author":[{"embeddable":true,"href":"https:\/\/www.puntociegoeditorial.com\/web\/wp-json\/wp\/v2\/users\/2"}],"replies":[{"embeddable":true,"href":"https:\/\/www.puntociegoeditorial.com\/web\/wp-json\/wp\/v2\/comments?post=19101"}],"version-history":[{"count":1,"href":"https:\/\/www.puntociegoeditorial.com\/web\/wp-json\/wp\/v2\/posts\/19101\/revisions"}],"predecessor-version":[{"id":19108,"href":"https:\/\/www.puntociegoeditorial.com\/web\/wp-json\/wp\/v2\/posts\/19101\/revisions\/19108"}],"wp:featuredmedia":[{"embeddable":true,"href":"https:\/\/www.puntociegoeditorial.com\/web\/wp-json\/wp\/v2\/media\/19106"}],"wp:attachment":[{"href":"https:\/\/www.puntociegoeditorial.com\/web\/wp-json\/wp\/v2\/media?parent=19101"}],"wp:term":[{"taxonomy":"category","embeddable":true,"href":"https:\/\/www.puntociegoeditorial.com\/web\/wp-json\/wp\/v2\/categories?post=19101"},{"taxonomy":"post_tag","embeddable":true,"href":"https:\/\/www.puntociegoeditorial.com\/web\/wp-json\/wp\/v2\/tags?post=19101"}],"curies":[{"name":"wp","href":"https:\/\/api.w.org\/{rel}","templated":true}]}}