{"id":19113,"date":"2022-08-27T18:29:01","date_gmt":"2022-08-28T00:29:01","guid":{"rendered":"https:\/\/puntociegoeditorial.com\/web\/?p=19113"},"modified":"2022-08-27T18:29:01","modified_gmt":"2022-08-28T00:29:01","slug":"ayuntamiento-y-dif-culiacan-entregan-apoyo-economico-a-damnificados-del-limon-de-los-ramos","status":"publish","type":"post","link":"https:\/\/www.puntociegoeditorial.com\/web\/2022\/08\/27\/ayuntamiento-y-dif-culiacan-entregan-apoyo-economico-a-damnificados-del-limon-de-los-ramos\/","title":{"rendered":"Ayuntamiento y DIF Culiac\u00e1n entregan apoyo econ\u00f3mico a damnificados del Lim\u00f3n de Los Ramos"},"content":{"rendered":"\n<p>Culiac\u00e1n, Sin., a 27 de agosto de 2022.- Luego de que el Ayuntamiento y el Sistema DIF Culiac\u00e1n apoyar\u00e1n de manera inmediata las necesidades de las familias afectadas por inundaciones en el Lim\u00f3n de Los Ramos, este s\u00e1bado fue entregado el apoyo econ\u00f3mico de 10 mil pesos para que las personas damnificadas puedan comprar algunos de los muebles o enseres perdidos.<\/p>\n\n\n\n<p>El alcalde Juan de Dios G\u00e1mez Mend\u00edvil, en compa\u00f1\u00eda de la presidenta del Sistema DIF Culiac\u00e1n, Irma Nidya Gasca Aldama, visitaron el refugio temporal en donde resalt\u00f3 que su administraci\u00f3n estar\u00e1 pendiente de sus necesidades, para que de manera pronta contin\u00faen sus actividades cotidianas<\/p>\n\n\n\n<p>\u00abLos que tuvieron afectaciones, les vamos a dar un apoyo, ahorita la presidenta del DIF y todo su equipo se van a quedar para entregarles ese apoyo; el apoyo es en econ\u00f3mico, es un cheque y ustedes decidir\u00e1n c\u00f3mo aplicarlo con base en sus necesidades\u00bb, detall\u00f3 el mun\u00edcipe.<\/p>\n\n\n\n<p>De igual forma, el alcalde inform\u00f3 a los presentes que los trabajos de obra p\u00fablica que se hab\u00edan estado haciendo en la zona, referente al desazolve, continuar\u00e1n y se fortalecer\u00e1n en el sector para evitar futuras inundaciones.<\/p>\n\n\n\n<p>Es por ello que de manera conjunta la Secretar\u00eda de Bienestar Municipal, Protecci\u00f3n Civil, Sistema DIF, y la Secretar\u00eda de Obras y Servicios P\u00fablicos, han brindado y siguen atendiendo los rubros correspondientes al tema alimenticio, m\u00e9dico, econ\u00f3mico y de construcci\u00f3n de obras pluviales prioritarias que demandan en este momento los pobladores de la zona.<br>Asimismo, Juan de Dios G\u00e1mez Mend\u00edvil indic\u00f3 a los habitantes de esta comunidad, que el Ayuntamiento de Culiac\u00e1n trabaja de forma coordinada con el Gobierno del Estado y Federal a fin de generar bienestar para todos los culiacanenses.<\/p>\n\n\n\n<p>En esta visita al Lim\u00f3n de los Ramos acudieron el secretario de Obras y Servicios P\u00fablicos, Roberto Zazueta, el director de Protecci\u00f3n Civil Municipal, Jes\u00fas Bill Mendoza y el director del DIF Culiac\u00e1n, \u00c1ngel Burgos.<\/p>\n","protected":false},"excerpt":{"rendered":"<p>Culiac\u00e1n, Sin., a 27 de agosto de 2022.- Luego de que el Ayuntamiento y el Sistema DIF Culiac\u00e1n apoyar\u00e1n de manera inmediata las necesidades de las familias afectadas por inundaciones en el Lim\u00f3n de Los Ramos, este s\u00e1bado fue entregado el apoyo econ\u00f3mico de 10 mil pesos para que las personas damnificadas puedan comprar algunos [&hellip;]<\/p>\n","protected":false},"author":2,"featured_media":19114,"comment_status":"open","ping_status":"open","sticky":false,"template":"","format":"standard","meta":{"_mi_skip_tracking":false,"footnotes":""},"categories":[12],"tags":[697,1987],"class_list":["post-19113","post","type-post","status-publish","format-standard","has-post-thumbnail","hentry","category-ciudad","tag-ayuntamiento-de-culiacan","tag-juan-de-dios-gamez-mendivil"],"_links":{"self":[{"href":"https:\/\/www.puntociegoeditorial.com\/web\/wp-json\/wp\/v2\/posts\/19113","targetHints":{"allow":["GET"]}}],"collection":[{"href":"https:\/\/www.puntociegoeditorial.com\/web\/wp-json\/wp\/v2\/posts"}],"about":[{"href":"https:\/\/www.puntociegoeditorial.com\/web\/wp-json\/wp\/v2\/types\/post"}],"author":[{"embeddable":true,"href":"https:\/\/www.puntociegoeditorial.com\/web\/wp-json\/wp\/v2\/users\/2"}],"replies":[{"embeddable":true,"href":"https:\/\/www.puntociegoeditorial.com\/web\/wp-json\/wp\/v2\/comments?post=19113"}],"version-history":[{"count":1,"href":"https:\/\/www.puntociegoeditorial.com\/web\/wp-json\/wp\/v2\/posts\/19113\/revisions"}],"predecessor-version":[{"id":19115,"href":"https:\/\/www.puntociegoeditorial.com\/web\/wp-json\/wp\/v2\/posts\/19113\/revisions\/19115"}],"wp:featuredmedia":[{"embeddable":true,"href":"https:\/\/www.puntociegoeditorial.com\/web\/wp-json\/wp\/v2\/media\/19114"}],"wp:attachment":[{"href":"https:\/\/www.puntociegoeditorial.com\/web\/wp-json\/wp\/v2\/media?parent=19113"}],"wp:term":[{"taxonomy":"category","embeddable":true,"href":"https:\/\/www.puntociegoeditorial.com\/web\/wp-json\/wp\/v2\/categories?post=19113"},{"taxonomy":"post_tag","embeddable":true,"href":"https:\/\/www.puntociegoeditorial.com\/web\/wp-json\/wp\/v2\/tags?post=19113"}],"curies":[{"name":"wp","href":"https:\/\/api.w.org\/{rel}","templated":true}]}}