{"id":19120,"date":"2022-08-29T15:18:51","date_gmt":"2022-08-29T21:18:51","guid":{"rendered":"http:\/\/puntociegoeditorial.com\/web\/?p=19120"},"modified":"2022-08-29T15:18:51","modified_gmt":"2022-08-29T21:18:51","slug":"campana-de-esterilizacion-canina-y-felina-brinda-200-servicios-en-la-colonia-progreso","status":"publish","type":"post","link":"https:\/\/www.puntociegoeditorial.com\/web\/2022\/08\/29\/campana-de-esterilizacion-canina-y-felina-brinda-200-servicios-en-la-colonia-progreso\/","title":{"rendered":"Campa\u00f1a de Esterilizaci\u00f3n Canina y Felina brinda 200 servicios en la colonia Progreso"},"content":{"rendered":"\n<p>Culiac\u00e1n, Sin., a 29 de agosto de 2022.- Por segunda semana consecutiva el Programa de Esterilizaci\u00f3n Canina y Felina impulsado por la Direcci\u00f3n de Salud Municipal, contin\u00faa prestando servicio en la colonia Progreso, en el \u00e1rea verde ubicado entre avenida del Parque y calle Los Ayales.<\/p>\n\n\n\n<p>En la semana pasada el personal de la unidad m\u00f3dulo m\u00f3vil logr\u00f3 atender alrededor de 200 animalitos, entre gatos y perros, mejorando de esta forma su calidad de vida al evitar la sobrepoblaci\u00f3n de estos y los peligros que enfrentan en la calle.<\/p>\n\n\n\n<p>Los servicios para esta semana estar\u00e1n disponibles en horario de 08:30 a 1:00 de la tarde, con las siguientes especificaciones; ayuno de 8 horas, mascotas con edades a partir de un a\u00f1o en adelante y una toalla para su recuperaci\u00f3n.<\/p>\n\n\n\n<p>Con las presentes acciones, el Ayuntamiento de Culiac\u00e1n busca acercar a toda la poblaci\u00f3n los servicios m\u00e9dicos veterinarios a toda la poblaci\u00f3n con la finalidad de disminuir la sobrepoblaci\u00f3n de perros y gatos en situaci\u00f3n de calle producto del abandono.<\/p>\n\n\n\n<p>Por ello, se invita a la ciudadan\u00eda a estar atenta a las ubicaciones en las que estar\u00e1 brindando servicios la campa\u00f1a de Esterilizaci\u00f3n Canina y Felina en la ciudad y sindicaturas.<\/p>\n","protected":false},"excerpt":{"rendered":"<p>Culiac\u00e1n, Sin., a 29 de agosto de 2022.- Por segunda semana consecutiva el Programa de Esterilizaci\u00f3n Canina y Felina impulsado por la Direcci\u00f3n de Salud Municipal, contin\u00faa prestando servicio en la colonia Progreso, en el \u00e1rea verde ubicado entre avenida del Parque y calle Los Ayales. En la semana pasada el personal de la unidad [&hellip;]<\/p>\n","protected":false},"author":2,"featured_media":19121,"comment_status":"open","ping_status":"open","sticky":false,"template":"","format":"standard","meta":{"_mi_skip_tracking":false,"footnotes":""},"categories":[12],"tags":[697,2381],"class_list":["post-19120","post","type-post","status-publish","format-standard","has-post-thumbnail","hentry","category-ciudad","tag-ayuntamiento-de-culiacan","tag-esterilizacion"],"_links":{"self":[{"href":"https:\/\/www.puntociegoeditorial.com\/web\/wp-json\/wp\/v2\/posts\/19120","targetHints":{"allow":["GET"]}}],"collection":[{"href":"https:\/\/www.puntociegoeditorial.com\/web\/wp-json\/wp\/v2\/posts"}],"about":[{"href":"https:\/\/www.puntociegoeditorial.com\/web\/wp-json\/wp\/v2\/types\/post"}],"author":[{"embeddable":true,"href":"https:\/\/www.puntociegoeditorial.com\/web\/wp-json\/wp\/v2\/users\/2"}],"replies":[{"embeddable":true,"href":"https:\/\/www.puntociegoeditorial.com\/web\/wp-json\/wp\/v2\/comments?post=19120"}],"version-history":[{"count":1,"href":"https:\/\/www.puntociegoeditorial.com\/web\/wp-json\/wp\/v2\/posts\/19120\/revisions"}],"predecessor-version":[{"id":19122,"href":"https:\/\/www.puntociegoeditorial.com\/web\/wp-json\/wp\/v2\/posts\/19120\/revisions\/19122"}],"wp:featuredmedia":[{"embeddable":true,"href":"https:\/\/www.puntociegoeditorial.com\/web\/wp-json\/wp\/v2\/media\/19121"}],"wp:attachment":[{"href":"https:\/\/www.puntociegoeditorial.com\/web\/wp-json\/wp\/v2\/media?parent=19120"}],"wp:term":[{"taxonomy":"category","embeddable":true,"href":"https:\/\/www.puntociegoeditorial.com\/web\/wp-json\/wp\/v2\/categories?post=19120"},{"taxonomy":"post_tag","embeddable":true,"href":"https:\/\/www.puntociegoeditorial.com\/web\/wp-json\/wp\/v2\/tags?post=19120"}],"curies":[{"name":"wp","href":"https:\/\/api.w.org\/{rel}","templated":true}]}}