{"id":19126,"date":"2022-08-29T15:21:46","date_gmt":"2022-08-29T21:21:46","guid":{"rendered":"http:\/\/puntociegoeditorial.com\/web\/?p=19126"},"modified":"2022-08-29T15:21:46","modified_gmt":"2022-08-29T21:21:46","slug":"gobernador-rocha-inaugura-formalmente-el-ciclo-escolar-2022-2023","status":"publish","type":"post","link":"https:\/\/www.puntociegoeditorial.com\/web\/2022\/08\/29\/gobernador-rocha-inaugura-formalmente-el-ciclo-escolar-2022-2023\/","title":{"rendered":"Gobernador Rocha inaugura formalmente el ciclo escolar 2022 &#8211; 2023"},"content":{"rendered":"\n<p>SEPyC priorizar\u00e1 la infraestructura educativa en zonas vulnerables.<\/p>\n\n\n\n<p>Culiac\u00e1n, Sinaloa, a 29 de agosto de 2022.- Ante ni\u00f1os y ni\u00f1as de la Escuela Primaria Primaria \u00abRafael Ram\u00edrez\u00bb, ubicada en el sector Humaya, el Gobernador Rub\u00e9n Rocha Moya inaugur\u00f3 formalmente el ciclo escolar 2022-2023, acompa\u00f1ado de Graciela Dom\u00ednguez Nava, Secretaria de Educaci\u00f3n P\u00fablica y Cultura, Juan de Dios G\u00e1mez, Alcalde de Culiac\u00e1n, adem\u00e1s de autoridades federales y l\u00edderes sindicales magisteriales.<\/p>\n\n\n\n<p>Dom\u00ednguez Nava reiter\u00f3 el compromiso de la Sepyc de ofrecer una educaci\u00f3n integral de calidad, para alcanzar la excelencia educativa, exhortando a los docentes a realizar su labor con entusiasmo, para producir en los alumnos la autoestima y el amor por el conocimiento, enfatizando que la prioridad es mejorar la infraestructura, principalmente en las zonas vulnerables.<\/p>\n\n\n\n<p>\u00abQuiero decirles tambi\u00e9n que el sistema educativo de M\u00e9xico est\u00e1 en marcha con una nueva reforma educativa profunda. Miles de docentes de Sinaloa est\u00e1n en una capacitaci\u00f3n intensiva sobre el nuevo plan de estudios y el nuevo marco curricular. Ahora, pondremos a la comunidad al centro, en el marco de la nueva escuela mexicana. Nuestro compromiso es claro; primeramente mejorar las condiciones de infraestructura en las escuelas, para incrementar la cobertura y equidad. Vamos, primero, por las escuelas ubicadas en comunidades ind\u00edgenas y zonas vulnerables, de alta marginaci\u00f3n o hist\u00f3ricamente desatendidas. Esa es la indicaci\u00f3n de nuestro gobernador\u00bb, se\u00f1al\u00f3 la Secretar\u00eda.<\/p>\n\n\n\n<p>Rocha Moya exhort\u00f3 a maestros y directivos a atender las disposiciones de la reforma educativa federal, en especial lo relativo a los contenidos de los nuevos planes de estudio, adem\u00e1s de reiterar la importancia de capacitar a los docentes y promover los temas emergentes impulsados por la reforma, como son la equidad de g\u00e9nero, respeto al medio ambiente y derechos humanos.<\/p>\n\n\n\n<p>\u00abNo pueden suplir al maestro, no se puede suplir a la maestra, entonces hay que capacitarlos, hay que mejorarles su condici\u00f3n de vida, hay que mejorarles sus ingresos y llamarlos a que nos atiendan con, bueno, la vocaci\u00f3n no es la \u00fanica que basta, tambi\u00e9n el sustento de los maestros. Entonces, yo llamo a los maestros a que abracemos esta reforma educativa que tiene un corte eminentemente humanista\u00bb, se\u00f1al\u00f3 el Gobernador.<\/p>\n\n\n\n<p>En el evento destac\u00f3 la presencia de Pamela L\u00f3pez Ruiz, titular del Programa la Escuela es Nuestra a nivel nacional, Hernando Peniche Montfort, Coordinador General de Enlace Educativo de la SEP, Genaro Torrecillas, Secretario General de la Secci\u00f3n 27 del SNTE en Sinaloa, Ricardo Madrid Uriarte, Secretario General de la Secci\u00f3n 53, Danisa Flores Ojeda, Secretaria General del Sindicato Independiente del sector educativo y Jes\u00fas \u00c1lvarez Salazar, Director del plantel anfitri\u00f3n, as\u00ed como los alumnos Christian Paloma Corvera Aispuro y Osmid Diaz Hern\u00e1ndez, adem\u00e1s de Beatriz Arlet Beltr\u00e1n Felipe, Presidente de la Asociaci\u00f3n de Padres de Familia.<\/p>\n","protected":false},"excerpt":{"rendered":"<p>SEPyC priorizar\u00e1 la infraestructura educativa en zonas vulnerables. Culiac\u00e1n, Sinaloa, a 29 de agosto de 2022.- Ante ni\u00f1os y ni\u00f1as de la Escuela Primaria Primaria \u00abRafael Ram\u00edrez\u00bb, ubicada en el sector Humaya, el Gobernador Rub\u00e9n Rocha Moya inaugur\u00f3 formalmente el ciclo escolar 2022-2023, acompa\u00f1ado de Graciela Dom\u00ednguez Nava, Secretaria de Educaci\u00f3n P\u00fablica y Cultura, Juan [&hellip;]<\/p>\n","protected":false},"author":2,"featured_media":19127,"comment_status":"open","ping_status":"open","sticky":false,"template":"","format":"standard","meta":{"_mi_skip_tracking":false,"footnotes":""},"categories":[13],"tags":[2382,134,77],"class_list":["post-19126","post","type-post","status-publish","format-standard","has-post-thumbnail","hentry","category-sinaloa","tag-ciclo-escolar-2022-2023","tag-ruben-rocha-moya","tag-sepyc"],"_links":{"self":[{"href":"https:\/\/www.puntociegoeditorial.com\/web\/wp-json\/wp\/v2\/posts\/19126","targetHints":{"allow":["GET"]}}],"collection":[{"href":"https:\/\/www.puntociegoeditorial.com\/web\/wp-json\/wp\/v2\/posts"}],"about":[{"href":"https:\/\/www.puntociegoeditorial.com\/web\/wp-json\/wp\/v2\/types\/post"}],"author":[{"embeddable":true,"href":"https:\/\/www.puntociegoeditorial.com\/web\/wp-json\/wp\/v2\/users\/2"}],"replies":[{"embeddable":true,"href":"https:\/\/www.puntociegoeditorial.com\/web\/wp-json\/wp\/v2\/comments?post=19126"}],"version-history":[{"count":1,"href":"https:\/\/www.puntociegoeditorial.com\/web\/wp-json\/wp\/v2\/posts\/19126\/revisions"}],"predecessor-version":[{"id":19128,"href":"https:\/\/www.puntociegoeditorial.com\/web\/wp-json\/wp\/v2\/posts\/19126\/revisions\/19128"}],"wp:featuredmedia":[{"embeddable":true,"href":"https:\/\/www.puntociegoeditorial.com\/web\/wp-json\/wp\/v2\/media\/19127"}],"wp:attachment":[{"href":"https:\/\/www.puntociegoeditorial.com\/web\/wp-json\/wp\/v2\/media?parent=19126"}],"wp:term":[{"taxonomy":"category","embeddable":true,"href":"https:\/\/www.puntociegoeditorial.com\/web\/wp-json\/wp\/v2\/categories?post=19126"},{"taxonomy":"post_tag","embeddable":true,"href":"https:\/\/www.puntociegoeditorial.com\/web\/wp-json\/wp\/v2\/tags?post=19126"}],"curies":[{"name":"wp","href":"https:\/\/api.w.org\/{rel}","templated":true}]}}