{"id":19129,"date":"2022-08-29T15:23:37","date_gmt":"2022-08-29T21:23:37","guid":{"rendered":"http:\/\/puntociegoeditorial.com\/web\/?p=19129"},"modified":"2022-08-29T15:23:37","modified_gmt":"2022-08-29T21:23:37","slug":"mazatlan-se-alista-para-estatal-de-primera-fuerza","status":"publish","type":"post","link":"https:\/\/www.puntociegoeditorial.com\/web\/2022\/08\/29\/mazatlan-se-alista-para-estatal-de-primera-fuerza\/","title":{"rendered":"MAZATL\u00c1N SE ALISTA PARA ESTATAL DE PRIMERA FUERZA"},"content":{"rendered":"\n<p>Mazatl\u00e1n se declar\u00f3 lista para participar en el Torneo Estatal de B\u00e9isbol de Primera Fuerza 2022, esto como resultado de la gira por el puerto realizada por Fernando Hern\u00e1ndez, Presidente de la Asociaci\u00f3n Sinaloense de Beisbol, este fin de semana.<\/p>\n\n\n\n<p>La directiva de la Liga de Primera Fuerza Juan Jos\u00e9 Pacho en Mazatl\u00e1n encabezada por Luis Osuna se reuni\u00f3 con Fernando Hern\u00e1ndez para anunciar su inter\u00e9s por formar parte de este campeonato estatal a celebrarse en Guasave del 23 al 25 de septiembre.<\/p>\n\n\n\n<p>\u00abMazatl\u00e1n tienen la intenci\u00f3n de participar en el Estatal de Primera Fuerza y ellos cuentan con el aval para representar al municipio. Espero que las autoridades mazatlecas los puedan apoyar para que hagan presencia en este estatal\u00bb, coment\u00f3 Hern\u00e1ndez Rubio.<\/p>\n\n\n\n<p>Asimismo, el presidente de ASIBEIS aprovech\u00f3 su estad\u00eda en Mazatl\u00e1n para platicar con Josu\u00e9 G\u00f3mez, Director de la regi\u00f3n 4 sobre futuros proyectos del beisbol sinaloense y felicitar personalmente a los peloteros que representaron a Sinaloa en los \u00faltimos eventos mundialistas: Alex Tolosa (Cal Ripken WS) y Alfredo Maga\u00f1a (Mundial Sub12), as\u00ed como al coach Jos\u00e9 \u00c1ngel Chavar\u00edn (Mundial Sub12).<\/p>\n","protected":false},"excerpt":{"rendered":"<p>Mazatl\u00e1n se declar\u00f3 lista para participar en el Torneo Estatal de B\u00e9isbol de Primera Fuerza 2022, esto como resultado de la gira por el puerto realizada por Fernando Hern\u00e1ndez, Presidente de la Asociaci\u00f3n Sinaloense de Beisbol, este fin de semana. La directiva de la Liga de Primera Fuerza Juan Jos\u00e9 Pacho en Mazatl\u00e1n encabezada por [&hellip;]<\/p>\n","protected":false},"author":2,"featured_media":19130,"comment_status":"open","ping_status":"open","sticky":false,"template":"","format":"standard","meta":{"_mi_skip_tracking":false,"footnotes":""},"categories":[16],"tags":[2383,206],"class_list":["post-19129","post","type-post","status-publish","format-standard","has-post-thumbnail","hentry","category-accion","tag-estatal-de-primera-fuerza","tag-mazatlan"],"_links":{"self":[{"href":"https:\/\/www.puntociegoeditorial.com\/web\/wp-json\/wp\/v2\/posts\/19129","targetHints":{"allow":["GET"]}}],"collection":[{"href":"https:\/\/www.puntociegoeditorial.com\/web\/wp-json\/wp\/v2\/posts"}],"about":[{"href":"https:\/\/www.puntociegoeditorial.com\/web\/wp-json\/wp\/v2\/types\/post"}],"author":[{"embeddable":true,"href":"https:\/\/www.puntociegoeditorial.com\/web\/wp-json\/wp\/v2\/users\/2"}],"replies":[{"embeddable":true,"href":"https:\/\/www.puntociegoeditorial.com\/web\/wp-json\/wp\/v2\/comments?post=19129"}],"version-history":[{"count":1,"href":"https:\/\/www.puntociegoeditorial.com\/web\/wp-json\/wp\/v2\/posts\/19129\/revisions"}],"predecessor-version":[{"id":19131,"href":"https:\/\/www.puntociegoeditorial.com\/web\/wp-json\/wp\/v2\/posts\/19129\/revisions\/19131"}],"wp:featuredmedia":[{"embeddable":true,"href":"https:\/\/www.puntociegoeditorial.com\/web\/wp-json\/wp\/v2\/media\/19130"}],"wp:attachment":[{"href":"https:\/\/www.puntociegoeditorial.com\/web\/wp-json\/wp\/v2\/media?parent=19129"}],"wp:term":[{"taxonomy":"category","embeddable":true,"href":"https:\/\/www.puntociegoeditorial.com\/web\/wp-json\/wp\/v2\/categories?post=19129"},{"taxonomy":"post_tag","embeddable":true,"href":"https:\/\/www.puntociegoeditorial.com\/web\/wp-json\/wp\/v2\/tags?post=19129"}],"curies":[{"name":"wp","href":"https:\/\/api.w.org\/{rel}","templated":true}]}}