{"id":19135,"date":"2022-08-29T15:25:44","date_gmt":"2022-08-29T21:25:44","guid":{"rendered":"http:\/\/puntociegoeditorial.com\/web\/?p=19135"},"modified":"2022-08-29T15:25:44","modified_gmt":"2022-08-29T21:25:44","slug":"anuncia-sayg-nuevo-programa-de-apoyo-a-productores-de-temporal","status":"publish","type":"post","link":"https:\/\/www.puntociegoeditorial.com\/web\/2022\/08\/29\/anuncia-sayg-nuevo-programa-de-apoyo-a-productores-de-temporal\/","title":{"rendered":"ANUNCIA SAyG NUEVO PROGRAMA DE APOYO A PRODUCTORES DE TEMPORAL"},"content":{"rendered":"\n<p>La Secretar\u00eda de Agricultura y Ganader\u00eda de Sinaloa puso en marcha el \u201dPrograma Emergente de Granos, para el Ejercicio Fiscal 2022\u201d mediante el cual se apoyar\u00e1 con semilla de garbanzo, frijol, c\u00e1rtamo, ajonjol\u00ed y cacahuate para la siembra de hasta 5 hect\u00e1reas por productor en zonas de temporal.<\/p>\n\n\n\n<p>De acuerdo con las \u201cReglas de Operaci\u00f3n\u201d publicadas el 24 de agosto inmediato anterior en el Organo Oficial del Gobierno de Sinaloa la convocatoria inici\u00f3 este viernes 26 de agosto para productores de los municipios de El Fuerte, Sinaloa, Mocorito, Salvador Alvarado, Angostura, Culiac\u00e1n y Elota.<\/p>\n\n\n\n<p>Para tal efecto la SAyG abri\u00f3 una ventanilla especial en la zona de acceso de sus instalaciones a fin de recibir las solicitudes, de manera individual de los productores interesados en recibir estos apoyos.<\/p>\n\n\n\n<p>El titular de la SAyG, Jos\u00e9 Jaime Montes Salas record\u00f3 que este programa se puso en operaci\u00f3n por instrucciones del Gobernador del estado, Rub\u00e9n Rocha Moya y llam\u00f3 a los productores de los municipios convocados para que aprovechen los recursos destinados en su beneficio.<\/p>\n\n\n\n<p>Los requisitos que se establecen en la mencionada convocatoria para este brindar los apoyos de este \u201cPrograma Emergente de Granos, para el Ejercicio Fiscal 2022\u201d, son de car\u00e1cter inevitable y definitivo y son los siguientes:<\/p>\n\n\n\n<p>Llenar la solicitud de incorporaci\u00f3n.<br>\u2022 Identificaci\u00f3n oficial vigente con fotograf\u00eda y firma (INE, pasaporte mexicano, cartilla del servicio militar nacional, c\u00e9dula profesional).<br>\u2022 Clave \u00danica de Registro de Poblaci\u00f3n (CURP).<br>\u2022 Permiso \u00fanico de siembra o Registro del Padr\u00f3n de Beneficiarios expedidos por SADER.<br>\u2022 Manifestar bajo protesta de decir verdad que la informaci\u00f3n que presente es verdadera y fidedigna.<br>\u2022 Comprobaci\u00f3n legal &nbsp;de posesi\u00f3n de propiedad.<\/p>\n\n\n\n<p>Cabe se\u00f1alar que una condicionante para este programa es no haber recibido apoyos del reciente programa de Establecimiento de Praderas, en el actual ejercicio fiscal 2022 ni haber recibido subsidios por el mismo concepto de parte del Gobierno Federal.<\/p>\n\n\n\n<p>La ventanilla para la recepci\u00f3n de solicitudes permanecer\u00e1 abierta de 8:30 a 15:00 de lunes a viernes hasta el d\u00eda 10 de septiembre pr\u00f3ximo, \u00fanicamente en la oficina de la SAyG, sita en Blvd. Alfonso Zaragoza Maytorena, No. 2204, Edificio A, Planta baja, Fracc. Bonanza, Culiac\u00e1n, Rosales, Sin. C.P. 80020.<\/p>\n","protected":false},"excerpt":{"rendered":"<p>La Secretar\u00eda de Agricultura y Ganader\u00eda de Sinaloa puso en marcha el \u201dPrograma Emergente de Granos, para el Ejercicio Fiscal 2022\u201d mediante el cual se apoyar\u00e1 con semilla de garbanzo, frijol, c\u00e1rtamo, ajonjol\u00ed y cacahuate para la siembra de hasta 5 hect\u00e1reas por productor en zonas de temporal. De acuerdo con las \u201cReglas de Operaci\u00f3n\u201d [&hellip;]<\/p>\n","protected":false},"author":2,"featured_media":19136,"comment_status":"open","ping_status":"open","sticky":false,"template":"","format":"standard","meta":{"_mi_skip_tracking":false,"footnotes":""},"categories":[18],"tags":[465],"class_list":["post-19135","post","type-post","status-publish","format-standard","has-post-thumbnail","hentry","category-agro","tag-secretaria-de-agricultura-y-ganaderia"],"_links":{"self":[{"href":"https:\/\/www.puntociegoeditorial.com\/web\/wp-json\/wp\/v2\/posts\/19135","targetHints":{"allow":["GET"]}}],"collection":[{"href":"https:\/\/www.puntociegoeditorial.com\/web\/wp-json\/wp\/v2\/posts"}],"about":[{"href":"https:\/\/www.puntociegoeditorial.com\/web\/wp-json\/wp\/v2\/types\/post"}],"author":[{"embeddable":true,"href":"https:\/\/www.puntociegoeditorial.com\/web\/wp-json\/wp\/v2\/users\/2"}],"replies":[{"embeddable":true,"href":"https:\/\/www.puntociegoeditorial.com\/web\/wp-json\/wp\/v2\/comments?post=19135"}],"version-history":[{"count":1,"href":"https:\/\/www.puntociegoeditorial.com\/web\/wp-json\/wp\/v2\/posts\/19135\/revisions"}],"predecessor-version":[{"id":19137,"href":"https:\/\/www.puntociegoeditorial.com\/web\/wp-json\/wp\/v2\/posts\/19135\/revisions\/19137"}],"wp:featuredmedia":[{"embeddable":true,"href":"https:\/\/www.puntociegoeditorial.com\/web\/wp-json\/wp\/v2\/media\/19136"}],"wp:attachment":[{"href":"https:\/\/www.puntociegoeditorial.com\/web\/wp-json\/wp\/v2\/media?parent=19135"}],"wp:term":[{"taxonomy":"category","embeddable":true,"href":"https:\/\/www.puntociegoeditorial.com\/web\/wp-json\/wp\/v2\/categories?post=19135"},{"taxonomy":"post_tag","embeddable":true,"href":"https:\/\/www.puntociegoeditorial.com\/web\/wp-json\/wp\/v2\/tags?post=19135"}],"curies":[{"name":"wp","href":"https:\/\/api.w.org\/{rel}","templated":true}]}}