{"id":19465,"date":"2022-09-02T12:57:13","date_gmt":"2022-09-02T18:57:13","guid":{"rendered":"http:\/\/puntociegoeditorial.com\/web\/?p=19465"},"modified":"2022-09-02T12:57:13","modified_gmt":"2022-09-02T18:57:13","slug":"inician-escuelas-de-judo-y-defensa-personal-en-la-uas","status":"publish","type":"post","link":"https:\/\/www.puntociegoeditorial.com\/web\/2022\/09\/02\/inician-escuelas-de-judo-y-defensa-personal-en-la-uas\/","title":{"rendered":"INICIAN ESCUELAS DE JUDO Y DEFENSA PERSONAL EN LA UAS"},"content":{"rendered":"\n<p>2 septiembre 2022.- El\u00edas G\u00f3mez Barajas y sus m\u00e1s de 50 a\u00f1os de experiencia en las artes marciales, estar\u00e1n al servicio de estudiantes y trabajadores de la UAS, en la primera escuela de defensa personal la cual inicia este lunes 5 de septiembre.<br>Lo anterior fue a dado a conocer por El\u00edas G\u00f3mez Ureta, entrenador de la disciplina de judo de la UAS e hijo de qui\u00e9n es considerado el padre de las artes marciales en Sinaloa.<br>\u201cSi bien es cierto han existido cursos y cl\u00ednicas de defensa personal, nunca antes como escuelas establecidas y permanentes. La cual est\u00e1 bajo la direcci\u00f3n Nancy Garz\u00f3n qui\u00e9n es la responsable de las escuelas deportivas infantiles y juveniles de la UAS\u201d. Declar\u00f3, G\u00f3mez Ureta.<br>La escuela de defensa personal de la UAS tiene dos horarios: de 12 a13:30 horas y de 13:30 a 15 horas, en el gimnasio cardiovascular en ciudad universitaria en Culiac\u00e1n, Sinaloa. Adem\u00e1s de la enorme experiencia del sensei El\u00edas G\u00f3mez Barajas, en la instrucci\u00f3n, otra excelente noticia es que las clases son gratis para estudiantes y trabajadores dela UAS.<br>INICIAN CLASES DE JUDO<br>Al mismo tiempo, este lunes 5 de septiembre inicia actividades la escuela de judo infantil y juvenil de la Universidad Aut\u00f3noma de Sinaloa.<br>El maestro Froyl\u00e1n Delgado Sol\u00f3rzano, qui\u00e9n tiene m\u00e1s de 20 a\u00f1os de experiencia, est\u00e1 al frente.<br>Las clases ser\u00e1n para ni\u00f1as y ni\u00f1os desde los 5 hasta 16 a\u00f1os de edad, de 5 a 6 de la tarde, en el gimnasio cardiovascular en ciudad universitaria de la UAS en Culiac\u00e1n.<br>Las inscripciones de ambas escuelas de judo y defensa personal se pueden realizar en la direcci\u00f3n general de deportes, en el polideportivo Alfredo Cu\u00e9n, de ciudad universitaria.<\/p>\n","protected":false},"excerpt":{"rendered":"<p>2 septiembre 2022.- El\u00edas G\u00f3mez Barajas y sus m\u00e1s de 50 a\u00f1os de experiencia en las artes marciales, estar\u00e1n al servicio de estudiantes y trabajadores de la UAS, en la primera escuela de defensa personal la cual inicia este lunes 5 de septiembre.Lo anterior fue a dado a conocer por El\u00edas G\u00f3mez Ureta, entrenador de [&hellip;]<\/p>\n","protected":false},"author":2,"featured_media":19466,"comment_status":"open","ping_status":"open","sticky":false,"template":"","format":"standard","meta":{"_mi_skip_tracking":false,"footnotes":""},"categories":[16],"tags":[2410,1412,133],"class_list":["post-19465","post","type-post","status-publish","format-standard","has-post-thumbnail","hentry","category-accion","tag-defensa-personal","tag-judo","tag-uas"],"_links":{"self":[{"href":"https:\/\/www.puntociegoeditorial.com\/web\/wp-json\/wp\/v2\/posts\/19465","targetHints":{"allow":["GET"]}}],"collection":[{"href":"https:\/\/www.puntociegoeditorial.com\/web\/wp-json\/wp\/v2\/posts"}],"about":[{"href":"https:\/\/www.puntociegoeditorial.com\/web\/wp-json\/wp\/v2\/types\/post"}],"author":[{"embeddable":true,"href":"https:\/\/www.puntociegoeditorial.com\/web\/wp-json\/wp\/v2\/users\/2"}],"replies":[{"embeddable":true,"href":"https:\/\/www.puntociegoeditorial.com\/web\/wp-json\/wp\/v2\/comments?post=19465"}],"version-history":[{"count":1,"href":"https:\/\/www.puntociegoeditorial.com\/web\/wp-json\/wp\/v2\/posts\/19465\/revisions"}],"predecessor-version":[{"id":19467,"href":"https:\/\/www.puntociegoeditorial.com\/web\/wp-json\/wp\/v2\/posts\/19465\/revisions\/19467"}],"wp:featuredmedia":[{"embeddable":true,"href":"https:\/\/www.puntociegoeditorial.com\/web\/wp-json\/wp\/v2\/media\/19466"}],"wp:attachment":[{"href":"https:\/\/www.puntociegoeditorial.com\/web\/wp-json\/wp\/v2\/media?parent=19465"}],"wp:term":[{"taxonomy":"category","embeddable":true,"href":"https:\/\/www.puntociegoeditorial.com\/web\/wp-json\/wp\/v2\/categories?post=19465"},{"taxonomy":"post_tag","embeddable":true,"href":"https:\/\/www.puntociegoeditorial.com\/web\/wp-json\/wp\/v2\/tags?post=19465"}],"curies":[{"name":"wp","href":"https:\/\/api.w.org\/{rel}","templated":true}]}}