{"id":19468,"date":"2022-09-02T12:58:40","date_gmt":"2022-09-02T18:58:40","guid":{"rendered":"http:\/\/puntociegoeditorial.com\/web\/?p=19468"},"modified":"2022-09-02T12:58:40","modified_gmt":"2022-09-02T18:58:40","slug":"juan-diego-garcia-viaja-al-grand-prix-paris-2022","status":"publish","type":"post","link":"https:\/\/www.puntociegoeditorial.com\/web\/2022\/09\/02\/juan-diego-garcia-viaja-al-grand-prix-paris-2022\/","title":{"rendered":"Juan Diego Garc\u00eda viaja al Grand Prix Par\u00eds 2022"},"content":{"rendered":"\n<p>Ciudad de M\u00e9xico. Con el apoyo de la Comisi\u00f3n Nacional de Cultura F\u00edsica y Deporte (CONADE), la selecci\u00f3n nacional de para taekwondo, integrada por seis atletas, misma delegaci\u00f3n que encabeza el sinaloense y campe\u00f3n paral\u00edmpico Tokio 2020, Juan Diego Garc\u00eda L\u00f3pez, viaj\u00f3 a Francia para competir el 5 de septiembre en el World Para Taekwondo Grand Prix Par\u00eds 2022, certamen con grado G-6, que otorgar\u00e1 hasta 60 puntos en el ranking a los Juegos Paral\u00edmpicos 2024.<\/p>\n\n\n\n<p>A este certamen est\u00e1n convocados los mejores 16 taekwondo\u00ednes del ranking paral\u00edmpico a la pr\u00f3xima justa veraniega del deporte adaptado, en cada categor\u00eda.<\/p>\n\n\n\n<p>Los seleccionados nacionales, que competir\u00e1n en la categor\u00eda K44, son: Claudia Romero Rodr\u00edguez en -47 kilogramos, Jessica Berenice Garc\u00eda Quijano en -52 kg., Fernanda Vargas Fern\u00e1ndez en +65 kg., Iv\u00e1n Torres P\u00e9rez en -58 kg., Juan Diego Garc\u00eda L\u00f3pez en -70 kg. y Luis Mario N\u00e1jera Vleeschower en -80 kg.<\/p>\n\n\n\n<p>El equipo realiz\u00f3 su preparaci\u00f3n a la justa en el Centro de Desarrollo de Talentos Deportivos y Alto Rendimiento (CNAR), en donde mantiene una concentraci\u00f3n desde hace seis meses, bajo las instrucciones de la entrenadora nacional Jannet Alegr\u00eda Pe\u00f1a, con la asistencia t\u00e9cnica de la triple medallista ol\u00edmpica, Mar\u00eda del Rosario Espinoza.<\/p>\n\n\n\n<p>\u201cEntrenamos en el CNAR desde el mes de marzo, no hemos parado, no hemos tenido vacaciones, seguimos con los entrenamientos fuertes, ya que este a\u00f1o queremos acumular el mayor n\u00famero de puntos, porque el objetivo es poder clasificar a cuatro de nuestros seleccionados en el top cinco del ranking a Juegos Paral\u00edmpicos\u201d, comparti\u00f3 la entrenadora nacional Jannet Alegr\u00eda, a la Comisi\u00f3n Nacional de Cultura F\u00edsica y Deporte (CONADE).<\/p>\n\n\n\n<p>Alegr\u00eda Pe\u00f1a destac\u00f3 que actualmente cuatro mexicanos se encuentran dentro de los seis mejores de su categor\u00eda, en el ranking internacional.<\/p>\n\n\n\n<p>El campe\u00f3n de los Juegos Paral\u00edmpicos Tokio 2020, Juan Diego Garc\u00eda L\u00f3pez, la entrenadora resalt\u00f3 que el sinaloense est\u00e1 rankeado como n\u00famero uno de su categor\u00eda y buscan que se mantenga as\u00ed, para que tenga una clasificaci\u00f3n directa y segura a los Juegos Paral\u00edmpicos Par\u00eds 2024.<\/p>\n\n\n\n<p>Jannet Alegr\u00eda agreg\u00f3 que, tras su participaci\u00f3n en el Grand Prix de Par\u00eds, el equipo regresar\u00e1 a M\u00e9xico, para viajar el 10 de septiembre a un Abierto en Brasil.<\/p>\n","protected":false},"excerpt":{"rendered":"<p>Ciudad de M\u00e9xico. Con el apoyo de la Comisi\u00f3n Nacional de Cultura F\u00edsica y Deporte (CONADE), la selecci\u00f3n nacional de para taekwondo, integrada por seis atletas, misma delegaci\u00f3n que encabeza el sinaloense y campe\u00f3n paral\u00edmpico Tokio 2020, Juan Diego Garc\u00eda L\u00f3pez, viaj\u00f3 a Francia para competir el 5 de septiembre en el World Para Taekwondo [&hellip;]<\/p>\n","protected":false},"author":2,"featured_media":19469,"comment_status":"open","ping_status":"open","sticky":false,"template":"","format":"standard","meta":{"_mi_skip_tracking":false,"footnotes":""},"categories":[16],"tags":[429],"class_list":["post-19468","post","type-post","status-publish","format-standard","has-post-thumbnail","hentry","category-accion","tag-conade"],"_links":{"self":[{"href":"https:\/\/www.puntociegoeditorial.com\/web\/wp-json\/wp\/v2\/posts\/19468","targetHints":{"allow":["GET"]}}],"collection":[{"href":"https:\/\/www.puntociegoeditorial.com\/web\/wp-json\/wp\/v2\/posts"}],"about":[{"href":"https:\/\/www.puntociegoeditorial.com\/web\/wp-json\/wp\/v2\/types\/post"}],"author":[{"embeddable":true,"href":"https:\/\/www.puntociegoeditorial.com\/web\/wp-json\/wp\/v2\/users\/2"}],"replies":[{"embeddable":true,"href":"https:\/\/www.puntociegoeditorial.com\/web\/wp-json\/wp\/v2\/comments?post=19468"}],"version-history":[{"count":1,"href":"https:\/\/www.puntociegoeditorial.com\/web\/wp-json\/wp\/v2\/posts\/19468\/revisions"}],"predecessor-version":[{"id":19470,"href":"https:\/\/www.puntociegoeditorial.com\/web\/wp-json\/wp\/v2\/posts\/19468\/revisions\/19470"}],"wp:featuredmedia":[{"embeddable":true,"href":"https:\/\/www.puntociegoeditorial.com\/web\/wp-json\/wp\/v2\/media\/19469"}],"wp:attachment":[{"href":"https:\/\/www.puntociegoeditorial.com\/web\/wp-json\/wp\/v2\/media?parent=19468"}],"wp:term":[{"taxonomy":"category","embeddable":true,"href":"https:\/\/www.puntociegoeditorial.com\/web\/wp-json\/wp\/v2\/categories?post=19468"},{"taxonomy":"post_tag","embeddable":true,"href":"https:\/\/www.puntociegoeditorial.com\/web\/wp-json\/wp\/v2\/tags?post=19468"}],"curies":[{"name":"wp","href":"https:\/\/api.w.org\/{rel}","templated":true}]}}