{"id":19582,"date":"2022-09-05T11:56:12","date_gmt":"2022-09-05T17:56:12","guid":{"rendered":"http:\/\/puntociegoeditorial.com\/web\/?p=19582"},"modified":"2022-09-05T11:56:12","modified_gmt":"2022-09-05T17:56:12","slug":"convoca-proteccion-civil-a-tomar-medidas-preventivas-ante-tormenta-tropical-kay","status":"publish","type":"post","link":"https:\/\/www.puntociegoeditorial.com\/web\/2022\/09\/05\/convoca-proteccion-civil-a-tomar-medidas-preventivas-ante-tormenta-tropical-kay\/","title":{"rendered":"Convoca Protecci\u00f3n Civil a tomar medidas preventivas ante Tormenta Tropical \u00abKay\u00bb"},"content":{"rendered":"\n<p>Se est\u00e1 realizando una evaluaci\u00f3n integral de las extensas bandas nubosas que presenta.<\/p>\n\n\n\n<p>Culiac\u00e1n, Sinaloa, a 05 de Septiembre de 2022.- En seguimiento a las labores de monitoreo espec\u00edficas de la Tormenta Tropical \u00abKay\u00bb, por parte del Instituto Estatal de Protecci\u00f3n Civil de Sinaloa que dirige Aurelio Roy Navarrete Cuevas, en estrecha coordinaci\u00f3n con la Comisi\u00f3n Nacional del Agua y ante los desprendimientos nubosos o zonas de inestabilidad que pudieran generarse en la entidad derivados de la Tormenta \u00abKay\u00bb, el Instituto convoc\u00f3 a la poblaci\u00f3n a tomar las medidas preventivas conducentes.<\/p>\n\n\n\n<p>\u00abHacer un llamado a los y las sinaloenses que nos est\u00e1n escuchando, que aunque el pron\u00f3stico en las primeras horas no se de, puede variar muy r\u00e1pido en el d\u00eda, podemos tener formaci\u00f3n o zonas de inestabilidad, formaci\u00f3n nubosa y eso nos podr\u00eda traer lluvias. Sabemos que estamos en ciudades complejas, Mazatl\u00e1n, Culiac\u00e1n, Mochis, donde los escurrimientos por trayectos en ocasiones se nos ha complicado, entonces, no tomemos la prevenci\u00f3n a la ligera, conocemos las zonas de riesgo aqu\u00ed en Culiac\u00e1n pero tambi\u00e9n conocemos las zonas donde podemos estar resguardados con mayor seguridad. Invitar a la poblaci\u00f3n que siempre estemos atentos, que no hagamos caso omiso a las recomendaciones de Protecci\u00f3n Civil\u00bb, se\u00f1al\u00f3 el Director.<\/p>\n\n\n\n<p>A las 07:00 horas de este lunes, tiempo del centro de M\u00e9xico, el centro de Kay se localiz\u00f3 aproximadamente a 375 kil\u00f3metros (km) al suroeste de Punta San Telmo, Michoac\u00e1n, y a 395 km al sur-suroeste de Manzanillo, Colima. Tiene vientos m\u00e1ximos sostenidos de 95 km\/h, rachas de 110 km\/h y se desplaza hacia el oeste noroeste a 24 km\/h.<\/p>\n\n\n\n<p>Sus extensas bandas nubosas, en interacci\u00f3n con un canal de baja presi\u00f3n sobre el occidente, centro y sur de M\u00e9xico, ocasionar\u00e1n lluvias intensas en Sinaloa y en otros estados, por lo que acorde al monitoreo sobre la trayectoria del meteoro, las autoridades competentes podr\u00edan definir si habr\u00e1 actividades escolares este martes.<\/p>\n\n\n\n<p>El pron\u00f3stico de su desplazamiento no representa una amenaza para Sinaloa, ya que se ubica m\u00e1s cerca de Baja California Sur, sin embargo, se est\u00e1 monitoreando su comportamiento, en especial sus extensas bandas nubosas que est\u00e1n siendo evaluadas de forma integral en conjunto con las actividades que se est\u00e1n presentando en la entidad y otras variables.<\/p>\n\n\n\n<p>Las precipitaciones generadas por este sistema podr\u00edan incrementar los niveles de r\u00edos y arroyos, por lo que se exhorta a la poblaci\u00f3n a atender los avisos preventivos de las autoridades y evitar introducirse en cuerpos de agua.<\/p>\n","protected":false},"excerpt":{"rendered":"<p>Se est\u00e1 realizando una evaluaci\u00f3n integral de las extensas bandas nubosas que presenta. Culiac\u00e1n, Sinaloa, a 05 de Septiembre de 2022.- En seguimiento a las labores de monitoreo espec\u00edficas de la Tormenta Tropical \u00abKay\u00bb, por parte del Instituto Estatal de Protecci\u00f3n Civil de Sinaloa que dirige Aurelio Roy Navarrete Cuevas, en estrecha coordinaci\u00f3n con la [&hellip;]<\/p>\n","protected":false},"author":2,"featured_media":19583,"comment_status":"open","ping_status":"open","sticky":false,"template":"","format":"standard","meta":{"_mi_skip_tracking":false,"footnotes":""},"categories":[13],"tags":[25,2413],"class_list":["post-19582","post","type-post","status-publish","format-standard","has-post-thumbnail","hentry","category-sinaloa","tag-proteccion-civil","tag-tormenta-tropical-kay"],"_links":{"self":[{"href":"https:\/\/www.puntociegoeditorial.com\/web\/wp-json\/wp\/v2\/posts\/19582","targetHints":{"allow":["GET"]}}],"collection":[{"href":"https:\/\/www.puntociegoeditorial.com\/web\/wp-json\/wp\/v2\/posts"}],"about":[{"href":"https:\/\/www.puntociegoeditorial.com\/web\/wp-json\/wp\/v2\/types\/post"}],"author":[{"embeddable":true,"href":"https:\/\/www.puntociegoeditorial.com\/web\/wp-json\/wp\/v2\/users\/2"}],"replies":[{"embeddable":true,"href":"https:\/\/www.puntociegoeditorial.com\/web\/wp-json\/wp\/v2\/comments?post=19582"}],"version-history":[{"count":1,"href":"https:\/\/www.puntociegoeditorial.com\/web\/wp-json\/wp\/v2\/posts\/19582\/revisions"}],"predecessor-version":[{"id":19584,"href":"https:\/\/www.puntociegoeditorial.com\/web\/wp-json\/wp\/v2\/posts\/19582\/revisions\/19584"}],"wp:featuredmedia":[{"embeddable":true,"href":"https:\/\/www.puntociegoeditorial.com\/web\/wp-json\/wp\/v2\/media\/19583"}],"wp:attachment":[{"href":"https:\/\/www.puntociegoeditorial.com\/web\/wp-json\/wp\/v2\/media?parent=19582"}],"wp:term":[{"taxonomy":"category","embeddable":true,"href":"https:\/\/www.puntociegoeditorial.com\/web\/wp-json\/wp\/v2\/categories?post=19582"},{"taxonomy":"post_tag","embeddable":true,"href":"https:\/\/www.puntociegoeditorial.com\/web\/wp-json\/wp\/v2\/tags?post=19582"}],"curies":[{"name":"wp","href":"https:\/\/api.w.org\/{rel}","templated":true}]}}