{"id":19585,"date":"2022-09-05T11:59:25","date_gmt":"2022-09-05T17:59:25","guid":{"rendered":"http:\/\/puntociegoeditorial.com\/web\/?p=19585"},"modified":"2022-09-05T11:59:25","modified_gmt":"2022-09-05T17:59:25","slug":"invita-la-uas-a-padres-de-familia-a-inscribir-a-ninos-y-jovenes-en-sus-escuelas-deportivas","status":"publish","type":"post","link":"https:\/\/www.puntociegoeditorial.com\/web\/2022\/09\/05\/invita-la-uas-a-padres-de-familia-a-inscribir-a-ninos-y-jovenes-en-sus-escuelas-deportivas\/","title":{"rendered":"Invita la UAS a padres de familia a inscribir a ni\u00f1os y j\u00f3venes en sus escuelas deportivas"},"content":{"rendered":"\n<p>La Universidad Aut\u00f3noma de Sinaloa (UAS) est\u00e1 invitando a los trabajadores universitarios y a la poblaci\u00f3n en general a inscribir a los ni\u00f1os y j\u00f3venes en sus escuelas deportivas que est\u00e1n por iniciar el lunes 5 de septiembre, en las disciplinas de futbol, karate do, atletismo, judo, box y taekwondo, con destacados entrenadores al frente.<\/p>\n\n\n\n<p>Nancy Garz\u00f3n Gayt\u00e1n, coordinadora de Servicios de Actividad y Deporte de la UAS dijo que en la mayor\u00eda de los casos los entrenamientos est\u00e1n programados por las tardes y que solamente el taekwondo, tendr\u00e1 doble turno gracias a la disposici\u00f3n de exol\u00edmpica, Itzel Manjarrez, quien estar\u00e1 atendiendo a los ni\u00f1os y j\u00f3venes de 10:00 a 11:30 de la ma\u00f1ana y de 4:00 a 6:30 de la tarde.<\/p>\n\n\n\n<p>\u201cTenemos taekwondo, que ya inici\u00f3, ya tiene una semana y tambi\u00e9n tenemos en judo, atletismo, el futbol soccer que siempre ha estado y ahora estamos incluyendo estas nuevas escuelas, tambi\u00e9n pr\u00f3ximamente el box est\u00e1 por entrar a las escuelas deportivas, karate do, esas inician el 5 de septiembre\u201d, indic\u00f3.<\/p>\n\n\n\n<p>Destac\u00f3 que, con excepci\u00f3n de la gimnasia, que tiene su gimnasio a un costado del Estadio Universitario, todas las dem\u00e1s escuelas deportivas tienen su sede en instalaciones de Ciudad Universitaria que se encuentran alrededor del Polideportivo de la UAS.<\/p>\n\n\n\n<p>Sobre los entrenadores que est\u00e1n al frente en las diferentes escuelas deportivas, detall\u00f3 que se tienen maestros muy experimentados que han contribuido a la formaci\u00f3n de destacados deportistas de esta casa de estudios, quienes han destacado en competencias internacionales y que actualmente se encuentran jugando con equipos profesionales.<\/p>\n\n\n\n<p>\u201cTenemos al nuevo integrante de atletismo que es C\u00e9sar Ram\u00edrez, en taekwondo entra Itzel Manjarrez y tenemos un muy buen plantel de maestros a cargo para que los ni\u00f1os y j\u00f3venes empiecen a practicar deporte\u201d, abund\u00f3.<\/p>\n\n\n\n<p>Garz\u00f3n Reyes indic\u00f3 que, en el caso de la gimnasia y la nataci\u00f3n, el inicio de clases se va a tardar unas semanas m\u00e1s, ya que tanto el gimnasio como la alberca ol\u00edmpica est\u00e1n siendo remodelados para darle una mejor atenci\u00f3n a los usuarios.<\/p>\n\n\n\n<p>Los interesados en inscribir a sus hijos en las diferentes disciplinas pueden acudir a las oficinas de la Direcci\u00f3n de Deportes ubicadas en la planta alta del Polideportivo de la UAS, en donde se les proporcionar\u00e1 m\u00e1s informaci\u00f3n sobre los requisitos.<\/p>\n","protected":false},"excerpt":{"rendered":"<p>La Universidad Aut\u00f3noma de Sinaloa (UAS) est\u00e1 invitando a los trabajadores universitarios y a la poblaci\u00f3n en general a inscribir a los ni\u00f1os y j\u00f3venes en sus escuelas deportivas que est\u00e1n por iniciar el lunes 5 de septiembre, en las disciplinas de futbol, karate do, atletismo, judo, box y taekwondo, con destacados entrenadores al frente. [&hellip;]<\/p>\n","protected":false},"author":2,"featured_media":19586,"comment_status":"open","ping_status":"open","sticky":false,"template":"","format":"standard","meta":{"_mi_skip_tracking":false,"footnotes":""},"categories":[13],"tags":[133],"class_list":["post-19585","post","type-post","status-publish","format-standard","has-post-thumbnail","hentry","category-sinaloa","tag-uas"],"_links":{"self":[{"href":"https:\/\/www.puntociegoeditorial.com\/web\/wp-json\/wp\/v2\/posts\/19585","targetHints":{"allow":["GET"]}}],"collection":[{"href":"https:\/\/www.puntociegoeditorial.com\/web\/wp-json\/wp\/v2\/posts"}],"about":[{"href":"https:\/\/www.puntociegoeditorial.com\/web\/wp-json\/wp\/v2\/types\/post"}],"author":[{"embeddable":true,"href":"https:\/\/www.puntociegoeditorial.com\/web\/wp-json\/wp\/v2\/users\/2"}],"replies":[{"embeddable":true,"href":"https:\/\/www.puntociegoeditorial.com\/web\/wp-json\/wp\/v2\/comments?post=19585"}],"version-history":[{"count":1,"href":"https:\/\/www.puntociegoeditorial.com\/web\/wp-json\/wp\/v2\/posts\/19585\/revisions"}],"predecessor-version":[{"id":19587,"href":"https:\/\/www.puntociegoeditorial.com\/web\/wp-json\/wp\/v2\/posts\/19585\/revisions\/19587"}],"wp:featuredmedia":[{"embeddable":true,"href":"https:\/\/www.puntociegoeditorial.com\/web\/wp-json\/wp\/v2\/media\/19586"}],"wp:attachment":[{"href":"https:\/\/www.puntociegoeditorial.com\/web\/wp-json\/wp\/v2\/media?parent=19585"}],"wp:term":[{"taxonomy":"category","embeddable":true,"href":"https:\/\/www.puntociegoeditorial.com\/web\/wp-json\/wp\/v2\/categories?post=19585"},{"taxonomy":"post_tag","embeddable":true,"href":"https:\/\/www.puntociegoeditorial.com\/web\/wp-json\/wp\/v2\/tags?post=19585"}],"curies":[{"name":"wp","href":"https:\/\/api.w.org\/{rel}","templated":true}]}}