{"id":19588,"date":"2022-09-05T12:05:44","date_gmt":"2022-09-05T18:05:44","guid":{"rendered":"http:\/\/puntociegoeditorial.com\/web\/?p=19588"},"modified":"2022-09-05T12:05:44","modified_gmt":"2022-09-05T18:05:44","slug":"fue-una-experiencia-inolvidable-david-hernandez","status":"publish","type":"post","link":"https:\/\/www.puntociegoeditorial.com\/web\/2022\/09\/05\/fue-una-experiencia-inolvidable-david-hernandez\/","title":{"rendered":"FUE UNA EXPERIENCIA INOLVIDABLE: DAVID HERNANDEZ"},"content":{"rendered":"\n<p>El sinaloense David Hern\u00e1ndez concluy\u00f3 su participaci\u00f3n con el equipo mexicano en el Mundial de B\u00e9isbol sub 15 desde Hermosillo, Sonora, donde pudo vivir un evento mundialista por primera vez como pelotero.<\/p>\n\n\n\n<p>\u00abFue mi primer campeonato mundial fue una experiencia inolvidable, el convivir con compa\u00f1eros de diferentes estados de la rep\u00fablica. Quiero agradecer a todas las personas que estuvieron apoy\u00e1ndome, principalmente a la FEMEBE y a mi familia que siempre est\u00e1 apoy\u00e1ndome y me saca adelante\u00bb, coment\u00f3 el lanzador culichi.<\/p>\n\n\n\n<p>Hern\u00e1ndez, quien espera seguir prepar\u00e1ndose para cumplir su sue\u00f1o de jugar pelota profesional y llegar a Grandes Ligas, tuvo una destacada participaci\u00f3n en el mundial con ocho entradas lanzadas en dos juegos como relevista, sin permitir carreras, regalando tres pasaportes y recetando nueve ponches ante Cuba y Venezuela.<\/p>\n\n\n\n<p>Fernando Hern\u00e1ndez Rubio, presidente de la Asociaci\u00f3n Sinaloense de Beisbol envi\u00f3 una felicitaci\u00f3n a Hern\u00e1ndez pues fue el \u00fanico representante sinaloense en el campeonato mundialista organizado por la WBSC.<\/p>\n\n\n\n<p>\u00abEstamos muy contentos del desempe\u00f1o que tuvo David Hern\u00e1ndez en el campeonato mundial sub 15 que se llevo a cabo en Hermosillo; \u00e9l se sigue preparando en la Liga Humaya en Culiac\u00e1n. Felicidades para \u00e9l, su familia y entrenadores, nos sentimos muy orgullosos de la participaci\u00f3n de David en este campeonato mundial\u00bb, dijo Hern\u00e1ndez Rubio.<\/p>\n\n\n\n<p>El conjunto tricolor cerr\u00f3 su participaci\u00f3n el s\u00e1bado con victoria ante Colombia por marcador de 11-7 para finalizar en el s\u00e9ptimo lugar de la competencia con marca de tres victorias y dos derrotas.<br>Estados Unidos se llev\u00f3 El Oro, Cuba la Plata y China Taipei obtuvo el Bronce sobre Jap\u00f3n.<\/p>\n","protected":false},"excerpt":{"rendered":"<p>El sinaloense David Hern\u00e1ndez concluy\u00f3 su participaci\u00f3n con el equipo mexicano en el Mundial de B\u00e9isbol sub 15 desde Hermosillo, Sonora, donde pudo vivir un evento mundialista por primera vez como pelotero. \u00abFue mi primer campeonato mundial fue una experiencia inolvidable, el convivir con compa\u00f1eros de diferentes estados de la rep\u00fablica. Quiero agradecer a todas [&hellip;]<\/p>\n","protected":false},"author":2,"featured_media":19589,"comment_status":"open","ping_status":"open","sticky":false,"template":"","format":"standard","meta":{"_mi_skip_tracking":false,"footnotes":""},"categories":[16],"tags":[2415,198],"class_list":["post-19588","post","type-post","status-publish","format-standard","has-post-thumbnail","hentry","category-accion","tag-beisbol-mundial-sub-15","tag-hermosillo"],"_links":{"self":[{"href":"https:\/\/www.puntociegoeditorial.com\/web\/wp-json\/wp\/v2\/posts\/19588","targetHints":{"allow":["GET"]}}],"collection":[{"href":"https:\/\/www.puntociegoeditorial.com\/web\/wp-json\/wp\/v2\/posts"}],"about":[{"href":"https:\/\/www.puntociegoeditorial.com\/web\/wp-json\/wp\/v2\/types\/post"}],"author":[{"embeddable":true,"href":"https:\/\/www.puntociegoeditorial.com\/web\/wp-json\/wp\/v2\/users\/2"}],"replies":[{"embeddable":true,"href":"https:\/\/www.puntociegoeditorial.com\/web\/wp-json\/wp\/v2\/comments?post=19588"}],"version-history":[{"count":1,"href":"https:\/\/www.puntociegoeditorial.com\/web\/wp-json\/wp\/v2\/posts\/19588\/revisions"}],"predecessor-version":[{"id":19590,"href":"https:\/\/www.puntociegoeditorial.com\/web\/wp-json\/wp\/v2\/posts\/19588\/revisions\/19590"}],"wp:featuredmedia":[{"embeddable":true,"href":"https:\/\/www.puntociegoeditorial.com\/web\/wp-json\/wp\/v2\/media\/19589"}],"wp:attachment":[{"href":"https:\/\/www.puntociegoeditorial.com\/web\/wp-json\/wp\/v2\/media?parent=19588"}],"wp:term":[{"taxonomy":"category","embeddable":true,"href":"https:\/\/www.puntociegoeditorial.com\/web\/wp-json\/wp\/v2\/categories?post=19588"},{"taxonomy":"post_tag","embeddable":true,"href":"https:\/\/www.puntociegoeditorial.com\/web\/wp-json\/wp\/v2\/tags?post=19588"}],"curies":[{"name":"wp","href":"https:\/\/api.w.org\/{rel}","templated":true}]}}