{"id":19755,"date":"2022-09-07T10:08:42","date_gmt":"2022-09-07T16:08:42","guid":{"rendered":"http:\/\/puntociegoeditorial.com\/web\/?p=19755"},"modified":"2022-09-07T10:08:42","modified_gmt":"2022-09-07T16:08:42","slug":"a-un-mes-del-congreso-de-medicina-del-deporte-uas-condde","status":"publish","type":"post","link":"https:\/\/www.puntociegoeditorial.com\/web\/2022\/09\/07\/a-un-mes-del-congreso-de-medicina-del-deporte-uas-condde\/","title":{"rendered":"A UN MES DEL CONGRESO DE MEDICINA DEL DEPORTE UAS-CONDDE"},"content":{"rendered":"\n<p>Exactamente dentro de un mes, los d\u00edas 6 y 7 de octubre, se estar\u00e1 celebrando por vig\u00e9sima tercera ocasi\u00f3n, el congreso de medicina del deporte, que organizan en conjunto la Universidad Aut\u00f3noma de Sinaloa, a trav\u00e9s de su direcci\u00f3n general de deportes y el Consejo Nacional del Deporte y la Educaci\u00f3n. Y existen notables avances de organizaci\u00f3n.<br>Es cuesti\u00f3n de d\u00edas para que se abran las inscripciones por lo pronto, Gilberto Berrelleza Reyes, director de deportes UAS, anunci\u00f3 que se espera la presencia de personalidades en este congreso como: el Dr. Jes\u00fas Madue\u00f1a, rector de la UAS, Manuel Al\u00e1n Merodio Reza, secretario general del CONDDE, Abelardo Beltr\u00e1n, coordinador general de regi\u00f3n tres ante el CONDDE, entre otros.<br>Por su parte, el m\u00e9dico en deportes, Epifanio Casta\u00f1eda Labra, piedra angular en la organizaci\u00f3n y fundador de este evento, se\u00f1al\u00f3 que se espera la presencia de aproximadamente 200 congresistas, que podr\u00e1n inscribirse en los siguientes d\u00edas as\u00ed como conocer los temas a tratar en dicho congreso; el cual se estar\u00eda celebrando como es costumbre en el teatro UAS de la Unidad Regional Sur en Mazatl\u00e1n, Sinaloa.<br>La Universidad Aut\u00f3noma de Sinaloa, ha sabido conservar en su agenda este evento \u00b4de ciencias aplicadas al deporte, \u00fanico en el estado a lo largo de 23 a\u00f1os y que fuera fundado entre otros por el finado Dr Alfredo Cu\u00e9n, Jes\u00fas Lara Meza y el mismo Dr. Epifanio Casta\u00f1eda.<\/p>\n","protected":false},"excerpt":{"rendered":"<p>Exactamente dentro de un mes, los d\u00edas 6 y 7 de octubre, se estar\u00e1 celebrando por vig\u00e9sima tercera ocasi\u00f3n, el congreso de medicina del deporte, que organizan en conjunto la Universidad Aut\u00f3noma de Sinaloa, a trav\u00e9s de su direcci\u00f3n general de deportes y el Consejo Nacional del Deporte y la Educaci\u00f3n. Y existen notables avances [&hellip;]<\/p>\n","protected":false},"author":2,"featured_media":19756,"comment_status":"open","ping_status":"open","sticky":false,"template":"","format":"standard","meta":{"_mi_skip_tracking":false,"footnotes":""},"categories":[16],"tags":[2428,133],"class_list":["post-19755","post","type-post","status-publish","format-standard","has-post-thumbnail","hentry","category-accion","tag-condde","tag-uas"],"_links":{"self":[{"href":"https:\/\/www.puntociegoeditorial.com\/web\/wp-json\/wp\/v2\/posts\/19755","targetHints":{"allow":["GET"]}}],"collection":[{"href":"https:\/\/www.puntociegoeditorial.com\/web\/wp-json\/wp\/v2\/posts"}],"about":[{"href":"https:\/\/www.puntociegoeditorial.com\/web\/wp-json\/wp\/v2\/types\/post"}],"author":[{"embeddable":true,"href":"https:\/\/www.puntociegoeditorial.com\/web\/wp-json\/wp\/v2\/users\/2"}],"replies":[{"embeddable":true,"href":"https:\/\/www.puntociegoeditorial.com\/web\/wp-json\/wp\/v2\/comments?post=19755"}],"version-history":[{"count":1,"href":"https:\/\/www.puntociegoeditorial.com\/web\/wp-json\/wp\/v2\/posts\/19755\/revisions"}],"predecessor-version":[{"id":19757,"href":"https:\/\/www.puntociegoeditorial.com\/web\/wp-json\/wp\/v2\/posts\/19755\/revisions\/19757"}],"wp:featuredmedia":[{"embeddable":true,"href":"https:\/\/www.puntociegoeditorial.com\/web\/wp-json\/wp\/v2\/media\/19756"}],"wp:attachment":[{"href":"https:\/\/www.puntociegoeditorial.com\/web\/wp-json\/wp\/v2\/media?parent=19755"}],"wp:term":[{"taxonomy":"category","embeddable":true,"href":"https:\/\/www.puntociegoeditorial.com\/web\/wp-json\/wp\/v2\/categories?post=19755"},{"taxonomy":"post_tag","embeddable":true,"href":"https:\/\/www.puntociegoeditorial.com\/web\/wp-json\/wp\/v2\/tags?post=19755"}],"curies":[{"name":"wp","href":"https:\/\/api.w.org\/{rel}","templated":true}]}}