{"id":19759,"date":"2022-09-07T14:08:02","date_gmt":"2022-09-07T20:08:02","guid":{"rendered":"http:\/\/puntociegoeditorial.com\/web\/?p=19759"},"modified":"2022-09-07T14:08:02","modified_gmt":"2022-09-07T20:08:02","slug":"huracan-kay-ya-no-representa-peligro-para-sinaloa-proteccion-civil","status":"publish","type":"post","link":"https:\/\/www.puntociegoeditorial.com\/web\/2022\/09\/07\/huracan-kay-ya-no-representa-peligro-para-sinaloa-proteccion-civil\/","title":{"rendered":"Hurac\u00e1n \u00abKay\u00bb ya no representa peligro para Sinaloa: Protecci\u00f3n Civil"},"content":{"rendered":"\n<p>Mantiene trayectoria paralela a la costa Occidental de la Pen\u00ednsula de Baja California.<\/p>\n\n\n\n<p>Culiac\u00e1n, Sinaloa, a 07 de Septiembre de 2022.- En seguimiento al monitoreo del Hurac\u00e1n \u00abKay\u00bb, el Instituto Estatal de Protecci\u00f3n Civil de Sinaloa que dirige Aurelio Roy Navarrete Cuevas, informa que en base al monitoreo climatol\u00f3gico efectuado por la Comisi\u00f3n Nacional del Agua, se determin\u00f3 que el hurac\u00e1n \u00abKay\u00bb ya no representa peligro para Sinaloa, aunque se mantiene el pron\u00f3stico de lluvias fuertes de acuerdo a la \u00faltima informaci\u00f3n disponible.<\/p>\n\n\n\n<p>A las 10:00 horas, tiempo de la Ciudad de M\u00e9xico, el centro del hurac\u00e1n \u00abKay\u00bb, categor\u00eda 2 en la escala Saffir Simpson, se ubicaba a 345 kil\u00f3metros (km) al suroeste de Cabo San Lucas y a 365 km al sur-suroeste de Santa Fe, ambos en Baja California Sur. Tiene vientos m\u00e1ximos sostenidos de 165 kil\u00f3metros por hora (km\/h), rachas de 205 km\/h y desplazamiento hacia el nor-noroeste a 19 km\/h.<\/p>\n\n\n\n<p>Las extensas bandas nubosas de Kay, en combinaci\u00f3n con el monz\u00f3n mexicano, podr\u00edan originar a\u00fan lluvias muy fuertes en Sinaloa y vientos con rachas de 80 a 100 km\/h en la zona costera, adem\u00e1s de oleaje elevado. Se considera que prevalecer\u00e1 el ambiente vespertino caluroso a muy caluroso.<\/p>\n\n\n\n<p>Se solicita a a la ciudadan\u00eda mantener sus medidas preventivas y se invita a evitar introducirse en arroyos, drenes, vados o cualquier otro caudal de agua, ya que de lo contrario se corre riesgo de ser arrastrados por las fuertes corrientes de agua o incluso perder la vida.<\/p>\n","protected":false},"excerpt":{"rendered":"<p>Mantiene trayectoria paralela a la costa Occidental de la Pen\u00ednsula de Baja California. Culiac\u00e1n, Sinaloa, a 07 de Septiembre de 2022.- En seguimiento al monitoreo del Hurac\u00e1n \u00abKay\u00bb, el Instituto Estatal de Protecci\u00f3n Civil de Sinaloa que dirige Aurelio Roy Navarrete Cuevas, informa que en base al monitoreo climatol\u00f3gico efectuado por la Comisi\u00f3n Nacional del [&hellip;]<\/p>\n","protected":false},"author":2,"featured_media":19760,"comment_status":"open","ping_status":"open","sticky":false,"template":"","format":"standard","meta":{"_mi_skip_tracking":false,"footnotes":""},"categories":[13],"tags":[25,2413],"class_list":["post-19759","post","type-post","status-publish","format-standard","has-post-thumbnail","hentry","category-sinaloa","tag-proteccion-civil","tag-tormenta-tropical-kay"],"_links":{"self":[{"href":"https:\/\/www.puntociegoeditorial.com\/web\/wp-json\/wp\/v2\/posts\/19759","targetHints":{"allow":["GET"]}}],"collection":[{"href":"https:\/\/www.puntociegoeditorial.com\/web\/wp-json\/wp\/v2\/posts"}],"about":[{"href":"https:\/\/www.puntociegoeditorial.com\/web\/wp-json\/wp\/v2\/types\/post"}],"author":[{"embeddable":true,"href":"https:\/\/www.puntociegoeditorial.com\/web\/wp-json\/wp\/v2\/users\/2"}],"replies":[{"embeddable":true,"href":"https:\/\/www.puntociegoeditorial.com\/web\/wp-json\/wp\/v2\/comments?post=19759"}],"version-history":[{"count":1,"href":"https:\/\/www.puntociegoeditorial.com\/web\/wp-json\/wp\/v2\/posts\/19759\/revisions"}],"predecessor-version":[{"id":19761,"href":"https:\/\/www.puntociegoeditorial.com\/web\/wp-json\/wp\/v2\/posts\/19759\/revisions\/19761"}],"wp:featuredmedia":[{"embeddable":true,"href":"https:\/\/www.puntociegoeditorial.com\/web\/wp-json\/wp\/v2\/media\/19760"}],"wp:attachment":[{"href":"https:\/\/www.puntociegoeditorial.com\/web\/wp-json\/wp\/v2\/media?parent=19759"}],"wp:term":[{"taxonomy":"category","embeddable":true,"href":"https:\/\/www.puntociegoeditorial.com\/web\/wp-json\/wp\/v2\/categories?post=19759"},{"taxonomy":"post_tag","embeddable":true,"href":"https:\/\/www.puntociegoeditorial.com\/web\/wp-json\/wp\/v2\/tags?post=19759"}],"curies":[{"name":"wp","href":"https:\/\/api.w.org\/{rel}","templated":true}]}}