{"id":19768,"date":"2022-09-07T14:11:07","date_gmt":"2022-09-07T20:11:07","guid":{"rendered":"http:\/\/puntociegoeditorial.com\/web\/?p=19768"},"modified":"2022-09-07T14:11:07","modified_gmt":"2022-09-07T20:11:07","slug":"ayuntamiento-y-sebides-anuncian-inversion-en-beneficio-de-sectores-vulnerables","status":"publish","type":"post","link":"https:\/\/www.puntociegoeditorial.com\/web\/2022\/09\/07\/ayuntamiento-y-sebides-anuncian-inversion-en-beneficio-de-sectores-vulnerables\/","title":{"rendered":"Ayuntamiento y SEBIDES anuncian inversi\u00f3n en beneficio de sectores vulnerables"},"content":{"rendered":"\n<p>Culiac\u00e1n, Sin., a 07 de septiembre de 2022.- A trav\u00e9s de la firma de convenio de colaboraci\u00f3n, el Ayuntamiento de Culiac\u00e1n y la Secretar\u00eda de Bienestar y Desarrollo Sustentable de Sinaloa (SEBIDES), formalizaron el programa de obras y acciones para la capital sinaloense del Fondo de Aportaciones para la Infraestructura Social (FAIS).<br>El alcalde Juan de Dios G\u00e1mez Mend\u00edvil, junto a la titular del SEBIDES, Mar\u00eda In\u00e9s P\u00e9rez Corral, dieron a conocer el listado de obras y servicios p\u00fablicos que se desarrollar\u00e1n a partir de una bolsa superior a los 36 millones de pesos, en beneficio de colonias populares y comunidades de la zona rural.<br>Dichos recursos, precis\u00f3 Juan de Dios G\u00e1mez, se integran al Fondo para la Infraestructura Social Municipal y de las Demarcaciones Territoriales de Culiac\u00e1n, con el objetivo principal de beneficiar directamente a sectores de la poblaci\u00f3n en condiciones de rezago social y pobreza extrema, buscando elevar sus condiciones de bienestar a trav\u00e9s de obras y servicios p\u00fablicos de calidad.<br>\u201cA nosotros nos toca coordinarnos para que estos trabajos realmente cumplan con el esp\u00edritu y el objetivo para los cuales se designa, el cual es atender la infraestructura y el rezago social; como autoridad somos responsables de generar estrategias para que la poblaci\u00f3n con mayor necesidad pueda salir adelante y ser autosustentable\u201d, expuso el primer edil.<br>Por su parte, Mar\u00eda In\u00e9s P\u00e9rez, titular de la SEBIDES, detall\u00f3 que el FAIS autoriza para este a\u00f1o la cantidad de 145 millones 235 mil 359 pesos, con el cual se ejecutar\u00e1n diversas obras en toda la entidad, ayudando as\u00ed a la poblaci\u00f3n que se encuentra en zonas de atenci\u00f3n prioritaria.<br>Para el caso de la capital sinaloense, detall\u00f3 que suman m\u00e1s de 36 millones de pesos para la inversi\u00f3n de 15 obras de infraestructura social, principalmente en colonias populares y comunidades de la zona rural, en beneficio de 26 mil 897 personas.<br>Entre las obras a edificar, la secretaria mencion\u00f3 que se encuentran l\u00edneas de conducci\u00f3n de agua potable, sistemas de alcantarillado sanitario, excavaci\u00f3n de pozos y la distribuci\u00f3n de redes de energ\u00eda el\u00e9ctrica.<br>Finalmente, agradeci\u00f3 la disposici\u00f3n del Ayuntamiento de Culiac\u00e1n para atender las problem\u00e1ticas m\u00e1s sentidas de las familias en condiciones de pobreza, demostrando as\u00ed su compromiso de mejorar los \u00edndices de bienestar social en el municipio.<\/p>\n","protected":false},"excerpt":{"rendered":"<p>Culiac\u00e1n, Sin., a 07 de septiembre de 2022.- A trav\u00e9s de la firma de convenio de colaboraci\u00f3n, el Ayuntamiento de Culiac\u00e1n y la Secretar\u00eda de Bienestar y Desarrollo Sustentable de Sinaloa (SEBIDES), formalizaron el programa de obras y acciones para la capital sinaloense del Fondo de Aportaciones para la Infraestructura Social (FAIS).El alcalde Juan de [&hellip;]<\/p>\n","protected":false},"author":2,"featured_media":19769,"comment_status":"open","ping_status":"open","sticky":false,"template":"","format":"standard","meta":{"_mi_skip_tracking":false,"footnotes":""},"categories":[12],"tags":[697,1987,851],"class_list":["post-19768","post","type-post","status-publish","format-standard","has-post-thumbnail","hentry","category-ciudad","tag-ayuntamiento-de-culiacan","tag-juan-de-dios-gamez-mendivil","tag-sebides"],"_links":{"self":[{"href":"https:\/\/www.puntociegoeditorial.com\/web\/wp-json\/wp\/v2\/posts\/19768","targetHints":{"allow":["GET"]}}],"collection":[{"href":"https:\/\/www.puntociegoeditorial.com\/web\/wp-json\/wp\/v2\/posts"}],"about":[{"href":"https:\/\/www.puntociegoeditorial.com\/web\/wp-json\/wp\/v2\/types\/post"}],"author":[{"embeddable":true,"href":"https:\/\/www.puntociegoeditorial.com\/web\/wp-json\/wp\/v2\/users\/2"}],"replies":[{"embeddable":true,"href":"https:\/\/www.puntociegoeditorial.com\/web\/wp-json\/wp\/v2\/comments?post=19768"}],"version-history":[{"count":1,"href":"https:\/\/www.puntociegoeditorial.com\/web\/wp-json\/wp\/v2\/posts\/19768\/revisions"}],"predecessor-version":[{"id":19770,"href":"https:\/\/www.puntociegoeditorial.com\/web\/wp-json\/wp\/v2\/posts\/19768\/revisions\/19770"}],"wp:featuredmedia":[{"embeddable":true,"href":"https:\/\/www.puntociegoeditorial.com\/web\/wp-json\/wp\/v2\/media\/19769"}],"wp:attachment":[{"href":"https:\/\/www.puntociegoeditorial.com\/web\/wp-json\/wp\/v2\/media?parent=19768"}],"wp:term":[{"taxonomy":"category","embeddable":true,"href":"https:\/\/www.puntociegoeditorial.com\/web\/wp-json\/wp\/v2\/categories?post=19768"},{"taxonomy":"post_tag","embeddable":true,"href":"https:\/\/www.puntociegoeditorial.com\/web\/wp-json\/wp\/v2\/tags?post=19768"}],"curies":[{"name":"wp","href":"https:\/\/api.w.org\/{rel}","templated":true}]}}