{"id":19774,"date":"2022-09-07T14:12:48","date_gmt":"2022-09-07T20:12:48","guid":{"rendered":"http:\/\/puntociegoeditorial.com\/web\/?p=19774"},"modified":"2022-09-07T14:12:48","modified_gmt":"2022-09-07T20:12:48","slug":"presenta-sipinna-municipal-la-campana-espacios-libres-de-contenido-inapropiado","status":"publish","type":"post","link":"https:\/\/www.puntociegoeditorial.com\/web\/2022\/09\/07\/presenta-sipinna-municipal-la-campana-espacios-libres-de-contenido-inapropiado\/","title":{"rendered":"Presenta Sipinna Municipal la campa\u00f1a \u2018Espacios Libres de Contenido Inapropiado\u2019"},"content":{"rendered":"\n<p>Culiac\u00e1n, Sin., a 07 de agosto de 2022.- Tras la aprobaci\u00f3n de la iniciativa del exhorto a no reproducir m\u00fasica con contenido inapropiado para los espacios donde converjan ni\u00f1os y adolescentes, expuesta en Cabildo por la Comisi\u00f3n de Equidad, G\u00e9nero y Familia el pasado 12 de agosto, el Sistema de Protecci\u00f3n Integral de los Derechos de las Ni\u00f1as, Ni\u00f1os y Adolescentes del Municipio, present\u00f3 su programa denominado Espacios Libres de Contenido Inapropiado.<br>Este exhorto se emite para las escuelas tanto p\u00fablicas como privadas, as\u00ed como para salones de eventos, DJ\u00b4s y los diversos espacios que realizan eventos infantiles y juveniles, con el objetivo de que, apoy\u00e1ndose de una lista sugerida de 51 bandas mexicanas que realizan contenido para este sector de la poblaci\u00f3n, se tengan m\u00e1s opciones para amenizar los eventos con piezas musicales adecuadas a los menores.<br>Al respecto, la titular de Sipinna, Elisa Serrano Carre\u00f3n, dijo que, si bien es cierto, los usos y costumbres han normalizado conductas que no deber\u00edan ser normales, la colocaci\u00f3n de calcoman\u00edas con la leyenda, \u201cEspacio libre de contenido inapropiado\u201d en los lugares que suelen recibir p\u00fablico de entre 0 y 17 a\u00f1os, abonar\u00e1 a visibilizar el problema y a concientizar tanto a los propietarios de dichos espacios, como a los asistentes a los mismos.<br>De igual forma, detall\u00f3 que esta estrategia busca encarecidamente cuidar y defender el inter\u00e9s de la ni\u00f1ez y la adolescencia, actuando desde diferentes perspectivas, tal es el caso de la jur\u00eddica, psicol\u00f3gica, antropol\u00f3gica y social, entre otras, ya que \u201ctodos somos responsables de lo que trasmitimos\u201d.<br>Finalmente, la secretaria de Bienestar, Aline Krystabel Guerra Garc\u00eda, expres\u00f3 que desde el \u00e1rea a su cargo se tienen en cuenta las problem\u00e1ticas que atentan contra el bienestar de la sociedad, pero sobre todo de los infantes, por ello, apoyar a generar una conciencia colectiva que contribuya a mejorar estas condiciones es uno de los ejes principales de su plan de trabajo.<\/p>\n","protected":false},"excerpt":{"rendered":"<p>Culiac\u00e1n, Sin., a 07 de agosto de 2022.- Tras la aprobaci\u00f3n de la iniciativa del exhorto a no reproducir m\u00fasica con contenido inapropiado para los espacios donde converjan ni\u00f1os y adolescentes, expuesta en Cabildo por la Comisi\u00f3n de Equidad, G\u00e9nero y Familia el pasado 12 de agosto, el Sistema de Protecci\u00f3n Integral de los Derechos [&hellip;]<\/p>\n","protected":false},"author":2,"featured_media":19775,"comment_status":"open","ping_status":"open","sticky":false,"template":"","format":"standard","meta":{"_mi_skip_tracking":false,"footnotes":""},"categories":[12],"tags":[2430],"class_list":["post-19774","post","type-post","status-publish","format-standard","has-post-thumbnail","hentry","category-ciudad","tag-espacios-libres-de-contenido-inapropiado"],"_links":{"self":[{"href":"https:\/\/www.puntociegoeditorial.com\/web\/wp-json\/wp\/v2\/posts\/19774","targetHints":{"allow":["GET"]}}],"collection":[{"href":"https:\/\/www.puntociegoeditorial.com\/web\/wp-json\/wp\/v2\/posts"}],"about":[{"href":"https:\/\/www.puntociegoeditorial.com\/web\/wp-json\/wp\/v2\/types\/post"}],"author":[{"embeddable":true,"href":"https:\/\/www.puntociegoeditorial.com\/web\/wp-json\/wp\/v2\/users\/2"}],"replies":[{"embeddable":true,"href":"https:\/\/www.puntociegoeditorial.com\/web\/wp-json\/wp\/v2\/comments?post=19774"}],"version-history":[{"count":1,"href":"https:\/\/www.puntociegoeditorial.com\/web\/wp-json\/wp\/v2\/posts\/19774\/revisions"}],"predecessor-version":[{"id":19776,"href":"https:\/\/www.puntociegoeditorial.com\/web\/wp-json\/wp\/v2\/posts\/19774\/revisions\/19776"}],"wp:featuredmedia":[{"embeddable":true,"href":"https:\/\/www.puntociegoeditorial.com\/web\/wp-json\/wp\/v2\/media\/19775"}],"wp:attachment":[{"href":"https:\/\/www.puntociegoeditorial.com\/web\/wp-json\/wp\/v2\/media?parent=19774"}],"wp:term":[{"taxonomy":"category","embeddable":true,"href":"https:\/\/www.puntociegoeditorial.com\/web\/wp-json\/wp\/v2\/categories?post=19774"},{"taxonomy":"post_tag","embeddable":true,"href":"https:\/\/www.puntociegoeditorial.com\/web\/wp-json\/wp\/v2\/tags?post=19774"}],"curies":[{"name":"wp","href":"https:\/\/api.w.org\/{rel}","templated":true}]}}