{"id":20088,"date":"2022-09-13T09:44:02","date_gmt":"2022-09-13T15:44:02","guid":{"rendered":"http:\/\/puntociegoeditorial.com\/web\/?p=20088"},"modified":"2022-09-13T09:44:02","modified_gmt":"2022-09-13T15:44:02","slug":"habitantes-de-costa-rica-aprovechan-los-diferentes-servicios-de-las-jornadas-de-bienestar","status":"publish","type":"post","link":"https:\/\/www.puntociegoeditorial.com\/web\/2022\/09\/13\/habitantes-de-costa-rica-aprovechan-los-diferentes-servicios-de-las-jornadas-de-bienestar\/","title":{"rendered":"Habitantes de Costa Rica aprovechan los diferentes servicios de las Jornadas de Bienestar"},"content":{"rendered":"\n<p>Culiac\u00e1n, Sin., a 12 de septiembre del 2022.- La Secretar\u00eda de Bienestar, en coordinaci\u00f3n con el Sistema DIF Culiac\u00e1n, reactivaron los apoyos y servicios m\u00e9dicos gratuitos a favor de la poblaci\u00f3n m\u00e1s vulnerable, a trav\u00e9s de la realizaci\u00f3n de las Jornadas de Bienestar.<\/p>\n\n\n\n<p>El Ejido Mezquitillo de la sindicatura de Costa Rica, fue sede del regreso de esta feria de servicios, donde sus habitantes se dieron cita a la escuela primaria de la comunidad para aprovechar la gama de apoyos gratuitos que ofrecen las dependencias de la Secretar\u00eda de Bienestar.<\/p>\n\n\n\n<p>En esta ocasi\u00f3n se brindaron consulta m\u00e9dica general dentales, de nutrici\u00f3n, salud mental y diagn\u00f3sticos de enfermedades.<\/p>\n\n\n\n<p>Fueron poco m\u00e1s de 50 personas atendidas de manera gratuita, desde ni\u00f1os hasta adultos mayores, quienes recibieron adem\u00e1s su tratamiento m\u00e9dico en conjunto su consulta.<\/p>\n\n\n\n<p>\u201cUn aproximado de 50 personas recibieron consulta de nutrici\u00f3n, enfermer\u00eda y medicina dental; y 9 personas se hicieron pruebas r\u00e1pidas de VIH y S\u00edfilis\u201d, inform\u00f3 Aleida P\u00e9rez, titular de la Direcci\u00f3n de Salud.<\/p>\n\n\n\n<p>En los pr\u00f3ximos d\u00edas se continuar\u00e1 llevando estas jornadas, mismas que se ver\u00e1n fortalecidas con los trabajos de prevenci\u00f3n del dengue, con acciones de fumigaci\u00f3n y distribuci\u00f3n de abate.<\/p>\n","protected":false},"excerpt":{"rendered":"<p>Culiac\u00e1n, Sin., a 12 de septiembre del 2022.- La Secretar\u00eda de Bienestar, en coordinaci\u00f3n con el Sistema DIF Culiac\u00e1n, reactivaron los apoyos y servicios m\u00e9dicos gratuitos a favor de la poblaci\u00f3n m\u00e1s vulnerable, a trav\u00e9s de la realizaci\u00f3n de las Jornadas de Bienestar. El Ejido Mezquitillo de la sindicatura de Costa Rica, fue sede del [&hellip;]<\/p>\n","protected":false},"author":2,"featured_media":20089,"comment_status":"open","ping_status":"open","sticky":false,"template":"","format":"standard","meta":{"_mi_skip_tracking":false,"footnotes":""},"categories":[13],"tags":[1166,1921],"class_list":["post-20088","post","type-post","status-publish","format-standard","has-post-thumbnail","hentry","category-sinaloa","tag-dif-culiacan","tag-secretaria-de-bienestar"],"_links":{"self":[{"href":"https:\/\/www.puntociegoeditorial.com\/web\/wp-json\/wp\/v2\/posts\/20088","targetHints":{"allow":["GET"]}}],"collection":[{"href":"https:\/\/www.puntociegoeditorial.com\/web\/wp-json\/wp\/v2\/posts"}],"about":[{"href":"https:\/\/www.puntociegoeditorial.com\/web\/wp-json\/wp\/v2\/types\/post"}],"author":[{"embeddable":true,"href":"https:\/\/www.puntociegoeditorial.com\/web\/wp-json\/wp\/v2\/users\/2"}],"replies":[{"embeddable":true,"href":"https:\/\/www.puntociegoeditorial.com\/web\/wp-json\/wp\/v2\/comments?post=20088"}],"version-history":[{"count":1,"href":"https:\/\/www.puntociegoeditorial.com\/web\/wp-json\/wp\/v2\/posts\/20088\/revisions"}],"predecessor-version":[{"id":20090,"href":"https:\/\/www.puntociegoeditorial.com\/web\/wp-json\/wp\/v2\/posts\/20088\/revisions\/20090"}],"wp:featuredmedia":[{"embeddable":true,"href":"https:\/\/www.puntociegoeditorial.com\/web\/wp-json\/wp\/v2\/media\/20089"}],"wp:attachment":[{"href":"https:\/\/www.puntociegoeditorial.com\/web\/wp-json\/wp\/v2\/media?parent=20088"}],"wp:term":[{"taxonomy":"category","embeddable":true,"href":"https:\/\/www.puntociegoeditorial.com\/web\/wp-json\/wp\/v2\/categories?post=20088"},{"taxonomy":"post_tag","embeddable":true,"href":"https:\/\/www.puntociegoeditorial.com\/web\/wp-json\/wp\/v2\/tags?post=20088"}],"curies":[{"name":"wp","href":"https:\/\/api.w.org\/{rel}","templated":true}]}}