{"id":20122,"date":"2022-09-13T13:53:46","date_gmt":"2022-09-13T19:53:46","guid":{"rendered":"http:\/\/puntociegoeditorial.com\/web\/?p=20122"},"modified":"2022-09-13T13:53:46","modified_gmt":"2022-09-13T19:53:46","slug":"gobierno-del-estado-convoca-a-celebrar-las-fiestas-patrias","status":"publish","type":"post","link":"https:\/\/www.puntociegoeditorial.com\/web\/2022\/09\/13\/gobierno-del-estado-convoca-a-celebrar-las-fiestas-patrias\/","title":{"rendered":"Gobierno del Estado convoca a celebrar las Fiestas Patrias"},"content":{"rendered":"\n<p>El jueves 15 de septiembre, habr\u00e1 rutas de cami\u00f3n gratuitas desde las 6 de la tarde con regreso hasta la 1 de la ma\u00f1ana rumbo a Palacio de Gobierno donde se celebrar\u00e1 el evento de la Gran Noche Mexicana.<\/p>\n\n\n\n<p>Culiac\u00e1n, Sinaloa, 13 de septiembre del 2022.- Por motivos del aniversario n\u00famero 212 de la Independencia de M\u00e9xico, Gobierno del Estado convoca a los ciudadanos a asistir a los eventos programados de las Fiestas Patrias que se estar\u00e1n celebrando desde este martes 13 de septiembre hasta el viernes 16 de este mismo mes.<\/p>\n\n\n\n<p>Para la Gran Noche Mexicana se contar\u00e1 con rutas de camiones completamente gratuitas desde las 6 de la tarde con regreso hasta la 1 de la ma\u00f1ana, en este evento se har\u00e1n distintas presentaciones art\u00edsticas, adem\u00e1s del Grito de Independencia por parte del Gobernador Rub\u00e9n Rocha Moya.<\/p>\n\n\n\n<p>Dichos eventos en su mayor\u00eda ser\u00e1n celebrados en Palacio de Gobierno bajo los siguientes horarios:<\/p>\n\n\n\n<p>Martes, 13 de septiembre:<br>\u2022 8:00 \u2013 8:10 AM, izamiento de Bandera a toda asta.<br>\u2022 6:00 \u2013 6:10 PM, arriamiento de Bandera.<\/p>\n\n\n\n<p>Mi\u00e9rcoles, 14 de septiembre:<br>\u2022 8:00 \u2013 8:10 AM, izamiento de Bandera a toda asta.<br>\u2022 8:00 AM \u2013 2:00 PM, Gran Kermesse Mexicana en Patio Central de Palacio de Gobierno.<br>\u2022 6:00 \u2013 6:10 PM, arriamiento de Bandera.<\/p>\n\n\n\n<p>Jueves, 15 de septiembre:<br>\u2022 8:00 \u2013 8:10 AM, izamiento de Bandera a toda asta.<br>\u2022 6:00 \u2013 6:10 PM, arriamiento de Bandera.<br>\u2022 8:00 \u2013 8:20 PM, presentaci\u00f3n del solista \u201cDiego Castro\u201d.<br>\u2022 8:30 \u2013 9:25 PM, presentaci\u00f3n de la Compa\u00f1\u00eda Folcl\u00f3rica Sinaloense.<br>\u2022 9:30 PM, presentaci\u00f3n del grupo Los dos de la \u201cS\u201d.<br>\u2022 10:50 PM, Grito de Independencia por el Gobernador Rub\u00e9n Rocha Moya.<br>\u2022 11:05 \u2013 11:20 PM, espect\u00e1culo pirot\u00e9cnico.<br>\u2022 11:20 PM \u2013 1:00 AM, presentaci\u00f3n de Ed\u00e9n Mu\u00f1oz.<\/p>\n\n\n\n<p>Viernes, 16 de septiembre:<br>\u2022 8:00 \u2013 8:10 AM, izamiento de Bandera a toda asta.<br>\u2022 8:10 \u2013 8:20 AM, Guardia de Honor en 3 monumentos de la Plaza C\u00edvica Palacio de Gobierno.<br>\u2022 10:00 \u2013 11:00 AM, desfile militar por la Avenida \u00c1lvaro Obreg\u00f3n.<br>\u2022 6:00 \u2013 6:10 PM, arriamiento de Bandera con Honores de Ordenanza.<\/p>\n","protected":false},"excerpt":{"rendered":"<p>El jueves 15 de septiembre, habr\u00e1 rutas de cami\u00f3n gratuitas desde las 6 de la tarde con regreso hasta la 1 de la ma\u00f1ana rumbo a Palacio de Gobierno donde se celebrar\u00e1 el evento de la Gran Noche Mexicana. Culiac\u00e1n, Sinaloa, 13 de septiembre del 2022.- Por motivos del aniversario n\u00famero 212 de la Independencia [&hellip;]<\/p>\n","protected":false},"author":2,"featured_media":20123,"comment_status":"open","ping_status":"open","sticky":false,"template":"","format":"standard","meta":{"_mi_skip_tracking":false,"footnotes":""},"categories":[13],"tags":[2450,856,134],"class_list":["post-20122","post","type-post","status-publish","format-standard","has-post-thumbnail","hentry","category-sinaloa","tag-fiestas-patrias","tag-gobierno-del-estado","tag-ruben-rocha-moya"],"_links":{"self":[{"href":"https:\/\/www.puntociegoeditorial.com\/web\/wp-json\/wp\/v2\/posts\/20122","targetHints":{"allow":["GET"]}}],"collection":[{"href":"https:\/\/www.puntociegoeditorial.com\/web\/wp-json\/wp\/v2\/posts"}],"about":[{"href":"https:\/\/www.puntociegoeditorial.com\/web\/wp-json\/wp\/v2\/types\/post"}],"author":[{"embeddable":true,"href":"https:\/\/www.puntociegoeditorial.com\/web\/wp-json\/wp\/v2\/users\/2"}],"replies":[{"embeddable":true,"href":"https:\/\/www.puntociegoeditorial.com\/web\/wp-json\/wp\/v2\/comments?post=20122"}],"version-history":[{"count":1,"href":"https:\/\/www.puntociegoeditorial.com\/web\/wp-json\/wp\/v2\/posts\/20122\/revisions"}],"predecessor-version":[{"id":20124,"href":"https:\/\/www.puntociegoeditorial.com\/web\/wp-json\/wp\/v2\/posts\/20122\/revisions\/20124"}],"wp:featuredmedia":[{"embeddable":true,"href":"https:\/\/www.puntociegoeditorial.com\/web\/wp-json\/wp\/v2\/media\/20123"}],"wp:attachment":[{"href":"https:\/\/www.puntociegoeditorial.com\/web\/wp-json\/wp\/v2\/media?parent=20122"}],"wp:term":[{"taxonomy":"category","embeddable":true,"href":"https:\/\/www.puntociegoeditorial.com\/web\/wp-json\/wp\/v2\/categories?post=20122"},{"taxonomy":"post_tag","embeddable":true,"href":"https:\/\/www.puntociegoeditorial.com\/web\/wp-json\/wp\/v2\/tags?post=20122"}],"curies":[{"name":"wp","href":"https:\/\/api.w.org\/{rel}","templated":true}]}}