{"id":20155,"date":"2022-09-13T16:46:05","date_gmt":"2022-09-13T22:46:05","guid":{"rendered":"http:\/\/puntociegoeditorial.com\/web\/?p=20155"},"modified":"2022-09-13T16:46:05","modified_gmt":"2022-09-13T22:46:05","slug":"gobernador-y-alcalde-inauguran-pavimentacion-de-calle-en-la-sindicatura-de-costa-rica","status":"publish","type":"post","link":"https:\/\/www.puntociegoeditorial.com\/web\/2022\/09\/13\/gobernador-y-alcalde-inauguran-pavimentacion-de-calle-en-la-sindicatura-de-costa-rica\/","title":{"rendered":"Gobernador y alcalde inauguran pavimentaci\u00f3n de calle en la sindicatura de Costa Rica"},"content":{"rendered":"\n<p>Culiac\u00e1n, Sin., a 13 de septiembre de 2022.- Con una inversi\u00f3n de 7.2 millones de pesos, el gobernador Rub\u00e9n Rocha Moya, y el alcalde Juan de Dios G\u00e1mez Mend\u00edvil, llevaron a cabo la inauguraci\u00f3n y el inicio de obra, para la pavimentaci\u00f3n de calles en la sindicatura de Costa Rica.<\/p>\n\n\n\n<p>Como parte del Programa de Obras con sentido social, se hizo entrega de la pavimentaci\u00f3n de la calle 18 de la colonia Benito Ju\u00e1rez.<\/p>\n\n\n\n<p>Ah\u00ed mismo, el mandatario estatal junto al presidente municipal, dio el banderazo de inicio para la pavimentaci\u00f3n de la calle 19, misma que se encontraba anegada tras la temporada de lluvias.<\/p>\n\n\n\n<p>Y de manera adicional, anunci\u00f3 la pr\u00f3xima pavimentaci\u00f3n de la calle 17, con el prop\u00f3sito de darle continuidad al circuito vial hasta conectar con la escuela preparatoria de la comunidad.<\/p>\n\n\n\n<p>Ante los vecinos del sector, Juan de Dios G\u00e1mez se\u00f1al\u00f3 que estos actos son el reflejo de la suma de esfuerzos y voluntades entre ambos \u00f3rdenes de gobierno, a favor de un mismo objetivo.<\/p>\n\n\n\n<p>\u00abEl cual consiste en apoyar a las familias m\u00e1s vulnerables y con mayor necesidad de Culiac\u00e1n, a trav\u00e9s de la soluci\u00f3n de sus problem\u00e1ticas con obras y servicios p\u00fablicos de calidad\u00bb, indic\u00f3.<\/p>\n\n\n\n<p>Precis\u00f3 que esta es la primera acci\u00f3n de las 655 que contempla el Programa de Obras P\u00fablicas del Municipio para el a\u00f1o en curso, d\u00f3nde se prioriza el bienestar de la poblaci\u00f3n.<\/p>\n\n\n\n<p>Por su parte, Jos\u00e9 Luis Zavala Cabanillas, secretario de Obras P\u00fablicas del Gobierno estatal, detall\u00f3 que los trabajos en ambas obras sumar\u00e1n 580 metros lineales pavimentados, en beneficio de 120 familias de la colonia Benito Ju\u00e1rez.<\/p>\n\n\n\n<p>Y a\u00f1adi\u00f3 que, a la par de los trabajos, se llevar\u00e1 a cabo la rehabilitaci\u00f3n del sistema pluvial, agua potable y drenaje sanitario en las vialidades atendidas, as\u00ed como la restauraci\u00f3n del alumbrado p\u00fablico, a fin de mejorar la prestaci\u00f3n de dichos servicios.<\/p>\n","protected":false},"excerpt":{"rendered":"<p>Culiac\u00e1n, Sin., a 13 de septiembre de 2022.- Con una inversi\u00f3n de 7.2 millones de pesos, el gobernador Rub\u00e9n Rocha Moya, y el alcalde Juan de Dios G\u00e1mez Mend\u00edvil, llevaron a cabo la inauguraci\u00f3n y el inicio de obra, para la pavimentaci\u00f3n de calles en la sindicatura de Costa Rica. Como parte del Programa de [&hellip;]<\/p>\n","protected":false},"author":2,"featured_media":20156,"comment_status":"open","ping_status":"open","sticky":false,"template":"","format":"standard","meta":{"_mi_skip_tracking":false,"footnotes":""},"categories":[13],"tags":[85,1987,134],"class_list":["post-20155","post","type-post","status-publish","format-standard","has-post-thumbnail","hentry","category-sinaloa","tag-costa-rica","tag-juan-de-dios-gamez-mendivil","tag-ruben-rocha-moya"],"_links":{"self":[{"href":"https:\/\/www.puntociegoeditorial.com\/web\/wp-json\/wp\/v2\/posts\/20155","targetHints":{"allow":["GET"]}}],"collection":[{"href":"https:\/\/www.puntociegoeditorial.com\/web\/wp-json\/wp\/v2\/posts"}],"about":[{"href":"https:\/\/www.puntociegoeditorial.com\/web\/wp-json\/wp\/v2\/types\/post"}],"author":[{"embeddable":true,"href":"https:\/\/www.puntociegoeditorial.com\/web\/wp-json\/wp\/v2\/users\/2"}],"replies":[{"embeddable":true,"href":"https:\/\/www.puntociegoeditorial.com\/web\/wp-json\/wp\/v2\/comments?post=20155"}],"version-history":[{"count":1,"href":"https:\/\/www.puntociegoeditorial.com\/web\/wp-json\/wp\/v2\/posts\/20155\/revisions"}],"predecessor-version":[{"id":20157,"href":"https:\/\/www.puntociegoeditorial.com\/web\/wp-json\/wp\/v2\/posts\/20155\/revisions\/20157"}],"wp:featuredmedia":[{"embeddable":true,"href":"https:\/\/www.puntociegoeditorial.com\/web\/wp-json\/wp\/v2\/media\/20156"}],"wp:attachment":[{"href":"https:\/\/www.puntociegoeditorial.com\/web\/wp-json\/wp\/v2\/media?parent=20155"}],"wp:term":[{"taxonomy":"category","embeddable":true,"href":"https:\/\/www.puntociegoeditorial.com\/web\/wp-json\/wp\/v2\/categories?post=20155"},{"taxonomy":"post_tag","embeddable":true,"href":"https:\/\/www.puntociegoeditorial.com\/web\/wp-json\/wp\/v2\/tags?post=20155"}],"curies":[{"name":"wp","href":"https:\/\/api.w.org\/{rel}","templated":true}]}}