{"id":20222,"date":"2022-09-15T10:05:30","date_gmt":"2022-09-15T16:05:30","guid":{"rendered":"http:\/\/puntociegoeditorial.com\/web\/?p=20222"},"modified":"2022-09-15T10:05:30","modified_gmt":"2022-09-15T16:05:30","slug":"alcalde-pids-e-isde-inician-construccion-de-vado-y-entregan-campo-de-beisbol-rehabilitado-en-ejido-el-melon","status":"publish","type":"post","link":"https:\/\/www.puntociegoeditorial.com\/web\/2022\/09\/15\/alcalde-pids-e-isde-inician-construccion-de-vado-y-entregan-campo-de-beisbol-rehabilitado-en-ejido-el-melon\/","title":{"rendered":"Alcalde, PIDS e ISDE inician construcci\u00f3n de vado y entregan campo de beisbol rehabilitado en ejido El Mel\u00f3n"},"content":{"rendered":"\n<p>Culiac\u00e1n, Sin.- En respuesta a la justificada solicitud realizada desde hace tiempo por sus habitantes, el Ayuntamiento dio inicio a la obra de construcci\u00f3n de vado en el ejido El Mel\u00f3n, sindicatura de Quil\u00e1, donde el alcalde Juan de Dios G\u00e1mez Mend\u00edvil dio el banderazo simb\u00f3lico; y se puso en marcha la rehabilitaci\u00f3n del campo de beisbol en el estadio San Alejandro de la comunidad.<\/p>\n\n\n\n<p>Con estas acciones se beneficiar\u00e1n alrededor de mil 500 personas del poblado que a\u00f1o con a\u00f1o padec\u00edan los estragos de las inundaciones ante las intensas lluvias.<\/p>\n\n\n\n<p>\u00abEl d\u00eda lunes presentamos un proyecto de obras con sentido social, 655 obras en todo el municipio con una inversi\u00f3n mayor de 430 millones de pesos para este a\u00f1o, obras que atienden este tipo de vados, de problemas que son de ustedes, de la gente de aqu\u00ed del Mel\u00f3n\u00bb, dijo el primer edil.<\/p>\n\n\n\n<p>El inicio de construcci\u00f3n del vado es la tercera obra del Programa de Obras P\u00fablicas con Sentido Social 2022,<\/p>\n\n\n\n<p>Ante cientos de beneficiados, G\u00e1mez Mend\u00edvil resalt\u00f3 que como autoridades, la suma de esfuerzos es primordial para atender las necesidades de la poblaci\u00f3n y aplicar los recursos en obras prioritarias como lo son estas que hoy dan inicio y que contribuir\u00e1n a prevenir inundaciones y a contar con un espacio m\u00e1s id\u00f3neo para la pr\u00e1ctica del deporte.<\/p>\n\n\n\n<p>Al respecto la comisaria del ejido, Irma Aurora Lozano Erenas, agradeci\u00f3 al alcalde por responder a la petici\u00f3n de los habitantes y no postergar m\u00e1s esta obra tan esperada, pues es hasta hoy que se atienden las gestiones efectuadas.<\/p>\n\n\n\n<p>Enfatiz\u00f3 tambi\u00e9n la importancia de la rehabilitaci\u00f3n del campo de beisbol, que como lo mencion\u00f3 el presidente del Consejo Directivo del PIDS, David Vargas Rodr\u00edguez, fue previamente atendido con mantenimiento y la reparaci\u00f3n del alumbrado p\u00fablico y ahora estar\u00e1 en mejores condiciones a\u00fan para que ni\u00f1os, j\u00f3venes y adultos hagan uso de \u00e9l.<\/p>\n\n\n\n<p>El director del Instituto Sinaloense del Deporte (ISDE), Julio C\u00e9sar Cascajares, destac\u00f3 tambi\u00e9n la importancia que tiene el contar con espacios p\u00fablicos y deportivos en buen estado, tema que afirm\u00f3 est\u00e1 atendiendo adecuadamente el alcalde Juan de Dios G\u00e1mez Mend\u00edvil y para lo cual se seguir\u00e1 contribuyendo desde el Gobierno del Estado.<\/p>\n\n\n\n<p>De acuerdo al secretario de Obras P\u00fablicas del municipio, Roberto Alfonso Zazueta Tapia, la obra del vado tendr\u00e1 una longitud de 25 metros, un ancho de calzada de 7 metros y una superficie de 175 metros cuadrados; contar\u00e1 con muros y dentellones y losas de concreto hidr\u00e1ulico y se espera concluir en un periodo de dos meses.<\/p>\n","protected":false},"excerpt":{"rendered":"<p>Culiac\u00e1n, Sin.- En respuesta a la justificada solicitud realizada desde hace tiempo por sus habitantes, el Ayuntamiento dio inicio a la obra de construcci\u00f3n de vado en el ejido El Mel\u00f3n, sindicatura de Quil\u00e1, donde el alcalde Juan de Dios G\u00e1mez Mend\u00edvil dio el banderazo simb\u00f3lico; y se puso en marcha la rehabilitaci\u00f3n del campo [&hellip;]<\/p>\n","protected":false},"author":2,"featured_media":20223,"comment_status":"open","ping_status":"open","sticky":false,"template":"","format":"standard","meta":{"_mi_skip_tracking":false,"footnotes":""},"categories":[12],"tags":[697,1987,515],"class_list":["post-20222","post","type-post","status-publish","format-standard","has-post-thumbnail","hentry","category-ciudad","tag-ayuntamiento-de-culiacan","tag-juan-de-dios-gamez-mendivil","tag-pids"],"_links":{"self":[{"href":"https:\/\/www.puntociegoeditorial.com\/web\/wp-json\/wp\/v2\/posts\/20222","targetHints":{"allow":["GET"]}}],"collection":[{"href":"https:\/\/www.puntociegoeditorial.com\/web\/wp-json\/wp\/v2\/posts"}],"about":[{"href":"https:\/\/www.puntociegoeditorial.com\/web\/wp-json\/wp\/v2\/types\/post"}],"author":[{"embeddable":true,"href":"https:\/\/www.puntociegoeditorial.com\/web\/wp-json\/wp\/v2\/users\/2"}],"replies":[{"embeddable":true,"href":"https:\/\/www.puntociegoeditorial.com\/web\/wp-json\/wp\/v2\/comments?post=20222"}],"version-history":[{"count":1,"href":"https:\/\/www.puntociegoeditorial.com\/web\/wp-json\/wp\/v2\/posts\/20222\/revisions"}],"predecessor-version":[{"id":20224,"href":"https:\/\/www.puntociegoeditorial.com\/web\/wp-json\/wp\/v2\/posts\/20222\/revisions\/20224"}],"wp:featuredmedia":[{"embeddable":true,"href":"https:\/\/www.puntociegoeditorial.com\/web\/wp-json\/wp\/v2\/media\/20223"}],"wp:attachment":[{"href":"https:\/\/www.puntociegoeditorial.com\/web\/wp-json\/wp\/v2\/media?parent=20222"}],"wp:term":[{"taxonomy":"category","embeddable":true,"href":"https:\/\/www.puntociegoeditorial.com\/web\/wp-json\/wp\/v2\/categories?post=20222"},{"taxonomy":"post_tag","embeddable":true,"href":"https:\/\/www.puntociegoeditorial.com\/web\/wp-json\/wp\/v2\/tags?post=20222"}],"curies":[{"name":"wp","href":"https:\/\/api.w.org\/{rel}","templated":true}]}}