{"id":20225,"date":"2022-09-15T10:06:23","date_gmt":"2022-09-15T16:06:23","guid":{"rendered":"http:\/\/puntociegoeditorial.com\/web\/?p=20225"},"modified":"2022-09-15T10:06:23","modified_gmt":"2022-09-15T16:06:23","slug":"muerte-de-bebe-alexander","status":"publish","type":"post","link":"https:\/\/www.puntociegoeditorial.com\/web\/2022\/09\/15\/muerte-de-bebe-alexander\/","title":{"rendered":"Muerte de beb\u00e9 Alexander"},"content":{"rendered":"\n<p>El presunto asesino s\u00f3lo dur\u00f3 horas arrestado, despu\u00e9s fue puesto en libertad<\/p>\n\n\n\n<p>Los Mochis,Sin.- Un beb\u00e9 de un a\u00f1o de Ahome muri\u00f3 tras haber registrado golpes en su cuerpo.<\/p>\n\n\n\n<p>Esta situaci\u00f3n caus\u00f3 controversia, ya que el presunto agresor Juan Carlos \u00abN\u00bb fue detenido tras haber sostenido una discusi\u00f3n con otros familiares afuera de la cl\u00ednica 49 del Instituto Mexicano del Seguro Social.<\/p>\n\n\n\n<p>\u00bfQu\u00e9 dicen las autoridades?<\/p>\n\n\n\n<p>Por su parte, la fiscal General del Estado, Sara Bruna Qui\u00f1\u00f3nez Estrada, dijo que, no puede revelar si se tiene localizado al presunto agresor; sin embargo, asegur\u00f3 que se esclarecer\u00e1 el crimen.<\/p>\n\n\n\n<p>En su intervenci\u00f3n, el gobernador de Sinaloa, Rub\u00e9n Rocha Moya, enfatiz\u00f3 que, \u00e9l no comparte la idea de la Secretar\u00eda de Seguridad P\u00fablica de Ahome, ya que fueron quienes se encargaron de dejar en libertad al presunto responsable.<\/p>\n","protected":false},"excerpt":{"rendered":"<p>El presunto asesino s\u00f3lo dur\u00f3 horas arrestado, despu\u00e9s fue puesto en libertad Los Mochis,Sin.- Un beb\u00e9 de un a\u00f1o de Ahome muri\u00f3 tras haber registrado golpes en su cuerpo. Esta situaci\u00f3n caus\u00f3 controversia, ya que el presunto agresor Juan Carlos \u00abN\u00bb fue detenido tras haber sostenido una discusi\u00f3n con otros familiares afuera de la cl\u00ednica [&hellip;]<\/p>\n","protected":false},"author":2,"featured_media":20226,"comment_status":"open","ping_status":"open","sticky":false,"template":"","format":"standard","meta":{"_mi_skip_tracking":false,"footnotes":""},"categories":[13],"tags":[96,134],"class_list":["post-20225","post","type-post","status-publish","format-standard","has-post-thumbnail","hentry","category-sinaloa","tag-los-mochis","tag-ruben-rocha-moya"],"_links":{"self":[{"href":"https:\/\/www.puntociegoeditorial.com\/web\/wp-json\/wp\/v2\/posts\/20225","targetHints":{"allow":["GET"]}}],"collection":[{"href":"https:\/\/www.puntociegoeditorial.com\/web\/wp-json\/wp\/v2\/posts"}],"about":[{"href":"https:\/\/www.puntociegoeditorial.com\/web\/wp-json\/wp\/v2\/types\/post"}],"author":[{"embeddable":true,"href":"https:\/\/www.puntociegoeditorial.com\/web\/wp-json\/wp\/v2\/users\/2"}],"replies":[{"embeddable":true,"href":"https:\/\/www.puntociegoeditorial.com\/web\/wp-json\/wp\/v2\/comments?post=20225"}],"version-history":[{"count":1,"href":"https:\/\/www.puntociegoeditorial.com\/web\/wp-json\/wp\/v2\/posts\/20225\/revisions"}],"predecessor-version":[{"id":20227,"href":"https:\/\/www.puntociegoeditorial.com\/web\/wp-json\/wp\/v2\/posts\/20225\/revisions\/20227"}],"wp:featuredmedia":[{"embeddable":true,"href":"https:\/\/www.puntociegoeditorial.com\/web\/wp-json\/wp\/v2\/media\/20226"}],"wp:attachment":[{"href":"https:\/\/www.puntociegoeditorial.com\/web\/wp-json\/wp\/v2\/media?parent=20225"}],"wp:term":[{"taxonomy":"category","embeddable":true,"href":"https:\/\/www.puntociegoeditorial.com\/web\/wp-json\/wp\/v2\/categories?post=20225"},{"taxonomy":"post_tag","embeddable":true,"href":"https:\/\/www.puntociegoeditorial.com\/web\/wp-json\/wp\/v2\/tags?post=20225"}],"curies":[{"name":"wp","href":"https:\/\/api.w.org\/{rel}","templated":true}]}}