{"id":20252,"date":"2022-09-15T10:16:08","date_gmt":"2022-09-15T16:16:08","guid":{"rendered":"http:\/\/puntociegoeditorial.com\/web\/?p=20252"},"modified":"2022-09-15T10:16:08","modified_gmt":"2022-09-15T16:16:08","slug":"direccion-de-comercio-invita-a-la-novena-edicion-del-bazar-todo-chilo","status":"publish","type":"post","link":"https:\/\/www.puntociegoeditorial.com\/web\/2022\/09\/15\/direccion-de-comercio-invita-a-la-novena-edicion-del-bazar-todo-chilo\/","title":{"rendered":"Direcci\u00f3n de Comercio invita a la novena edici\u00f3n del Bazar Todo Chilo"},"content":{"rendered":"\n<p>Culiac\u00e1n, Sin., a 14 de septiembre de 2022.- La novena edici\u00f3n del Bazar Todo Chilo, se realizar\u00e1 este domingo 18 de septiembre a las 4 de la tarde en el Parque Las Riberas, por lo que la Direcci\u00f3n de Comercio, Servicios e Industria, invita al p\u00fablico en general a que asista y apoye el comercio y talento local.<\/p>\n\n\n\n<p>Son m\u00e1s de 180 expositores y emprendedores locales los que ofertar\u00e1n una gran variedad de productos locales en esta ocasi\u00f3n, inform\u00f3 el titular de dicha Direcci\u00f3n perteneciente a SEDECOM, Valente Soto Cort\u00e9s, quien indic\u00f3 que se est\u00e1 brindando el apoyo para la realizaci\u00f3n de este evento en el aspecto publicitario y log\u00edstica.<\/p>\n\n\n\n<p>\u00abLa invitaci\u00f3n es abierta a todo el p\u00fablico, a los ciudadanos, las ciudadanas de nuestro municipio para que apoyen los proyectos de los emprendedores, emprendedoras locales y esperamos contar con la asistencia de muchas personas\u00bb, expres\u00f3.<\/p>\n\n\n\n<p>Asimismo, precis\u00f3 que habr\u00e1 productos gastron\u00f3micos, vestimenta, artesan\u00edas, entre otros, y se contar\u00e1 con la presencia de agrupaciones locales como \u00abLos de la Zona\u00bb \u00abGlitz\u00bb \u00abSexo\u00bb y \u00abGo Elektra\u00bb, que amenizar\u00e1n la tarde.<\/p>\n\n\n\n<p>El funcionario municipal agreg\u00f3 que la Direcci\u00f3n de Comercio Servicios e Industria estar\u00e1 informando sobre los programas de financiamiento que ofrecen tanto la Secretar\u00eda de Econom\u00eda del Estado, como la Secretar\u00eda de Desarrollo Econ\u00f3mico del Municipio.<\/p>\n\n\n\n<p>De igual modo, dijo, se brindar\u00e1 asesor\u00eda sobre tr\u00e1mites de registro de marca, c\u00f3digos de barra, tablas nutrimentales y referentes al SAT, entre otras convocatorias recientemente lanzadas como \u00abMujer Productiva\u00bb.<\/p>\n\n\n\n<p>El Bazar Todo Chilo permanecer\u00e1 de 4:00 p.m. hasta las 9:00 p.m. en el Parque Las Riberas frente a Plaza Cubo.<\/p>\n","protected":false},"excerpt":{"rendered":"<p>Culiac\u00e1n, Sin., a 14 de septiembre de 2022.- La novena edici\u00f3n del Bazar Todo Chilo, se realizar\u00e1 este domingo 18 de septiembre a las 4 de la tarde en el Parque Las Riberas, por lo que la Direcci\u00f3n de Comercio, Servicios e Industria, invita al p\u00fablico en general a que asista y apoye el comercio [&hellip;]<\/p>\n","protected":false},"author":2,"featured_media":20253,"comment_status":"open","ping_status":"open","sticky":false,"template":"","format":"standard","meta":{"_mi_skip_tracking":false,"footnotes":""},"categories":[12],"tags":[2462,128],"class_list":["post-20252","post","type-post","status-publish","format-standard","has-post-thumbnail","hentry","category-ciudad","tag-bazar-todo-chilo","tag-parque-las-riberas"],"_links":{"self":[{"href":"https:\/\/www.puntociegoeditorial.com\/web\/wp-json\/wp\/v2\/posts\/20252","targetHints":{"allow":["GET"]}}],"collection":[{"href":"https:\/\/www.puntociegoeditorial.com\/web\/wp-json\/wp\/v2\/posts"}],"about":[{"href":"https:\/\/www.puntociegoeditorial.com\/web\/wp-json\/wp\/v2\/types\/post"}],"author":[{"embeddable":true,"href":"https:\/\/www.puntociegoeditorial.com\/web\/wp-json\/wp\/v2\/users\/2"}],"replies":[{"embeddable":true,"href":"https:\/\/www.puntociegoeditorial.com\/web\/wp-json\/wp\/v2\/comments?post=20252"}],"version-history":[{"count":1,"href":"https:\/\/www.puntociegoeditorial.com\/web\/wp-json\/wp\/v2\/posts\/20252\/revisions"}],"predecessor-version":[{"id":20254,"href":"https:\/\/www.puntociegoeditorial.com\/web\/wp-json\/wp\/v2\/posts\/20252\/revisions\/20254"}],"wp:featuredmedia":[{"embeddable":true,"href":"https:\/\/www.puntociegoeditorial.com\/web\/wp-json\/wp\/v2\/media\/20253"}],"wp:attachment":[{"href":"https:\/\/www.puntociegoeditorial.com\/web\/wp-json\/wp\/v2\/media?parent=20252"}],"wp:term":[{"taxonomy":"category","embeddable":true,"href":"https:\/\/www.puntociegoeditorial.com\/web\/wp-json\/wp\/v2\/categories?post=20252"},{"taxonomy":"post_tag","embeddable":true,"href":"https:\/\/www.puntociegoeditorial.com\/web\/wp-json\/wp\/v2\/tags?post=20252"}],"curies":[{"name":"wp","href":"https:\/\/api.w.org\/{rel}","templated":true}]}}