{"id":20304,"date":"2022-09-15T19:23:28","date_gmt":"2022-09-16T01:23:28","guid":{"rendered":"https:\/\/puntociegoeditorial.com\/web\/?p=20304"},"modified":"2022-09-15T19:23:28","modified_gmt":"2022-09-16T01:23:28","slug":"expo-tejiendo-suenos-se-realiza-con-exito-en-el-mes-patrio","status":"publish","type":"post","link":"https:\/\/www.puntociegoeditorial.com\/web\/2022\/09\/15\/expo-tejiendo-suenos-se-realiza-con-exito-en-el-mes-patrio\/","title":{"rendered":"<em>Expo \u00abTejiendo Sue\u00f1os\u00bb se realiza con \u00e9xito en el mes patrio<\/em>"},"content":{"rendered":"\n<p>Culiac\u00e1n, Sin., a 15 de septiembre de 2022.- Como en cada edici\u00f3n, la Secretar\u00eda de Bienestar llev\u00f3 a cabo sus actividades en pro del desarrollo econ\u00f3mico de artesanos y emprendedores de Culiac\u00e1n.<\/p>\n\n\n\n<p>En ese sentido, la Direcci\u00f3n de Participaci\u00f3n realiz\u00f3 con \u00e9xito la \u00abExpo Tejiendo Sue\u00f1os\u00bb, en donde artistas y comerciantes locales mostraron al p\u00fablico una gran variedad de productos y servicios con la finalidad de posicionar sus marcas e incrementar sus ventas.<\/p>\n\n\n\n<p>Ubicados a un costado de Catedral, los culiacanenses disfrutaron de una rica variedad gastron\u00f3mica, compra de ropa, artesan\u00edas entre otras tantas amenidades.<\/p>\n\n\n\n<p>\u00abQueremos difundir la cultura, que permanezca esa identidad cultural del municipio, adem\u00e1s es la puerta para que tambi\u00e9n otros municipios del estado se presenten aqu\u00ed, queremos hacerle una mayor difusi\u00f3n\u00bb, expres\u00f3 Aline Krystabel Guerra Garc\u00eda, titular de Bienestar en Culiac\u00e1n.<\/p>\n\n\n\n<p>Agreg\u00f3 que la intenci\u00f3n es hacer crecer estos eventos, realizarlos cada mes para que la gente conozca las riquezas con la que cuenta la capital, por lo que se replicar\u00e1 para traer m\u00e1s artesanos de otras ciudades.<\/p>\n\n\n\n<p>Por su parte, el titular de la Direcci\u00f3n de Participaci\u00f3n, Jaime Gerardo Mart\u00ednez, indic\u00f3 que el prop\u00f3sito de la exposici\u00f3n es prestarle un espacio a los artesanos y apoyarlos para incentivar su econom\u00eda.<\/p>\n\n\n\n<p>\u00abEste es un espacio especialmente para los artesanos de Sinaloa porque tambi\u00e9n nos acompa\u00f1a la Asociaci\u00f3n de Ind\u00edgenas y Emplea-M con Causa, gente con discapacidad, que tambi\u00e9n vienen a presentar sus productos, hubo mucho movimiento y flujo de personas, y es en apoyo a ellos\u00bb, precis\u00f3 el funcionario municipal.<\/p>\n\n\n\n<p>Es as\u00ed que el Ayuntamiento invita a la sociedad en general a consumir lo local y apoyar el arte y la cultura a trav\u00e9s de las diferentes actividades que se est\u00e1n llevando a cabo.<\/p>\n\n\n\n<p>Pueden consultar la p\u00e1gina oficial de Facebook: Direcci\u00f3n de Participaci\u00f3n Ciudadana Culiac\u00e1n para conocer los pr\u00f3ximos eventos.<\/p>\n","protected":false},"excerpt":{"rendered":"<p>Culiac\u00e1n, Sin., a 15 de septiembre de 2022.- Como en cada edici\u00f3n, la Secretar\u00eda de Bienestar llev\u00f3 a cabo sus actividades en pro del desarrollo econ\u00f3mico de artesanos y emprendedores de Culiac\u00e1n. En ese sentido, la Direcci\u00f3n de Participaci\u00f3n realiz\u00f3 con \u00e9xito la \u00abExpo Tejiendo Sue\u00f1os\u00bb, en donde artistas y comerciantes locales mostraron al p\u00fablico [&hellip;]<\/p>\n","protected":false},"author":2,"featured_media":20305,"comment_status":"open","ping_status":"open","sticky":false,"template":"","format":"standard","meta":{"_mi_skip_tracking":false,"footnotes":""},"categories":[12],"tags":[697,1921],"class_list":["post-20304","post","type-post","status-publish","format-standard","has-post-thumbnail","hentry","category-ciudad","tag-ayuntamiento-de-culiacan","tag-secretaria-de-bienestar"],"_links":{"self":[{"href":"https:\/\/www.puntociegoeditorial.com\/web\/wp-json\/wp\/v2\/posts\/20304","targetHints":{"allow":["GET"]}}],"collection":[{"href":"https:\/\/www.puntociegoeditorial.com\/web\/wp-json\/wp\/v2\/posts"}],"about":[{"href":"https:\/\/www.puntociegoeditorial.com\/web\/wp-json\/wp\/v2\/types\/post"}],"author":[{"embeddable":true,"href":"https:\/\/www.puntociegoeditorial.com\/web\/wp-json\/wp\/v2\/users\/2"}],"replies":[{"embeddable":true,"href":"https:\/\/www.puntociegoeditorial.com\/web\/wp-json\/wp\/v2\/comments?post=20304"}],"version-history":[{"count":1,"href":"https:\/\/www.puntociegoeditorial.com\/web\/wp-json\/wp\/v2\/posts\/20304\/revisions"}],"predecessor-version":[{"id":20306,"href":"https:\/\/www.puntociegoeditorial.com\/web\/wp-json\/wp\/v2\/posts\/20304\/revisions\/20306"}],"wp:featuredmedia":[{"embeddable":true,"href":"https:\/\/www.puntociegoeditorial.com\/web\/wp-json\/wp\/v2\/media\/20305"}],"wp:attachment":[{"href":"https:\/\/www.puntociegoeditorial.com\/web\/wp-json\/wp\/v2\/media?parent=20304"}],"wp:term":[{"taxonomy":"category","embeddable":true,"href":"https:\/\/www.puntociegoeditorial.com\/web\/wp-json\/wp\/v2\/categories?post=20304"},{"taxonomy":"post_tag","embeddable":true,"href":"https:\/\/www.puntociegoeditorial.com\/web\/wp-json\/wp\/v2\/tags?post=20304"}],"curies":[{"name":"wp","href":"https:\/\/api.w.org\/{rel}","templated":true}]}}