{"id":20310,"date":"2022-09-16T13:49:09","date_gmt":"2022-09-16T19:49:09","guid":{"rendered":"http:\/\/puntociegoeditorial.com\/web\/?p=20310"},"modified":"2022-09-16T13:49:09","modified_gmt":"2022-09-16T19:49:09","slug":"habra-ultima-reunion-rumbo-al-estatal-de-primera-fuerza-en-guasave","status":"publish","type":"post","link":"https:\/\/www.puntociegoeditorial.com\/web\/2022\/09\/16\/habra-ultima-reunion-rumbo-al-estatal-de-primera-fuerza-en-guasave\/","title":{"rendered":"HABRA ULTIMA REUNI\u00d3N RUMBO AL ESTATAL DE PRIMERA FUERZA EN GUASAVE"},"content":{"rendered":"\n<p>El estatal de primera fuerza 2022 esta cada vez mas cerca, es por ello que el comit\u00e9 organizador sigue trabajando para hacer de este torneo una gran fiesta desde Guasave, Sinaloa.<\/p>\n\n\n\n<p>La junta previa al arranque de dicho campeonato se llevar\u00e1 a cabo este s\u00e1bado 17 y estar\u00e1n presentes Fernando Hern\u00e1ndez, presidente de ASIBEIS, Dr. V\u00edctor Camacho, presidente de la liga Arturo Peimbert Camacho, Cesar Ojeda, director del deporte de Guasave y el presidente del comit\u00e9 municipal de beisbol, Ricky Lugo, as\u00ed como otros integrantes del comit\u00e9 organizador, adem\u00e1s de los delegados de cada uno de los municipios participantes.<\/p>\n\n\n\n<p>\u00abEstamos listos para llevar a cabo la reuni\u00f3n previa junto al comit\u00e9 organizador del campeonato estatal de primera fuerza 2022 en la ciudad de Guasave para este s\u00e1bado a las 11:00 am, donde los municipios que est\u00e1n interesados en competir podr\u00e1n hacer acto de presencia para confirmar su participaci\u00f3n, adem\u00e1s se har\u00e1 la rifa para definir el rol de juegos\u00bb, coment\u00f3 Hern\u00e1ndez Rubio.<\/p>\n\n\n\n<p>El torneo se celebrar\u00e1 del 23 al 25 de septiembre y el equipo que logre el campeonato ser\u00e1 la base para la Selecci\u00f3n de Sinaloa que participar\u00e1 en el Nacional de la categor\u00eda en Delicias, Chihuahua a partir del pr\u00f3ximo 30 de septiembre. Hasta el momento tiene como equipos confirmados a Ahome, El Fuerte, Salvador Alvarado, Culiac\u00e1n, Angostura, Navolato, Sinaloa, Guasave y ahora se une Mazatl\u00e1n, tras algunos a\u00f1os de ausencia.<\/p>\n","protected":false},"excerpt":{"rendered":"<p>El estatal de primera fuerza 2022 esta cada vez mas cerca, es por ello que el comit\u00e9 organizador sigue trabajando para hacer de este torneo una gran fiesta desde Guasave, Sinaloa. La junta previa al arranque de dicho campeonato se llevar\u00e1 a cabo este s\u00e1bado 17 y estar\u00e1n presentes Fernando Hern\u00e1ndez, presidente de ASIBEIS, Dr. [&hellip;]<\/p>\n","protected":false},"author":2,"featured_media":20311,"comment_status":"open","ping_status":"open","sticky":false,"template":"","format":"standard","meta":{"_mi_skip_tracking":false,"footnotes":""},"categories":[16],"tags":[2383],"class_list":["post-20310","post","type-post","status-publish","format-standard","has-post-thumbnail","hentry","category-accion","tag-estatal-de-primera-fuerza"],"_links":{"self":[{"href":"https:\/\/www.puntociegoeditorial.com\/web\/wp-json\/wp\/v2\/posts\/20310","targetHints":{"allow":["GET"]}}],"collection":[{"href":"https:\/\/www.puntociegoeditorial.com\/web\/wp-json\/wp\/v2\/posts"}],"about":[{"href":"https:\/\/www.puntociegoeditorial.com\/web\/wp-json\/wp\/v2\/types\/post"}],"author":[{"embeddable":true,"href":"https:\/\/www.puntociegoeditorial.com\/web\/wp-json\/wp\/v2\/users\/2"}],"replies":[{"embeddable":true,"href":"https:\/\/www.puntociegoeditorial.com\/web\/wp-json\/wp\/v2\/comments?post=20310"}],"version-history":[{"count":1,"href":"https:\/\/www.puntociegoeditorial.com\/web\/wp-json\/wp\/v2\/posts\/20310\/revisions"}],"predecessor-version":[{"id":20312,"href":"https:\/\/www.puntociegoeditorial.com\/web\/wp-json\/wp\/v2\/posts\/20310\/revisions\/20312"}],"wp:featuredmedia":[{"embeddable":true,"href":"https:\/\/www.puntociegoeditorial.com\/web\/wp-json\/wp\/v2\/media\/20311"}],"wp:attachment":[{"href":"https:\/\/www.puntociegoeditorial.com\/web\/wp-json\/wp\/v2\/media?parent=20310"}],"wp:term":[{"taxonomy":"category","embeddable":true,"href":"https:\/\/www.puntociegoeditorial.com\/web\/wp-json\/wp\/v2\/categories?post=20310"},{"taxonomy":"post_tag","embeddable":true,"href":"https:\/\/www.puntociegoeditorial.com\/web\/wp-json\/wp\/v2\/tags?post=20310"}],"curies":[{"name":"wp","href":"https:\/\/api.w.org\/{rel}","templated":true}]}}