{"id":20577,"date":"2022-09-21T09:23:23","date_gmt":"2022-09-21T15:23:23","guid":{"rendered":"http:\/\/puntociegoeditorial.com\/web\/?p=20577"},"modified":"2022-09-21T09:23:23","modified_gmt":"2022-09-21T15:23:23","slug":"luis-angel-verdugo-quiere-un-lugar-en-la-rotacion-de-tomateros","status":"publish","type":"post","link":"https:\/\/www.puntociegoeditorial.com\/web\/2022\/09\/21\/luis-angel-verdugo-quiere-un-lugar-en-la-rotacion-de-tomateros\/","title":{"rendered":"Luis \u00c1ngel Verdugo quiere un lugar en la rotaci\u00f3n de Tomateros"},"content":{"rendered":"\n<p>En el 2020, Luis \u00c1ngel Verdugo fue anunciado como una de las primeras firmas de los Tomateros de Culiac\u00e1n para la campa\u00f1a 2020-2021 de la Liga Arco Mexicana del Pac\u00edfico. A diferencia de muchos prospectos, el oriundo de la capital sinaloense logr\u00f3 debutar en su primer a\u00f1o dentro del r\u00f3ster, momento que record\u00f3_con mucha emoci\u00f3n. \u201cAl principio estaba nervioso, pero se dio el resultado y gracias a Dios se dio el primer ponche tambi\u00e9n\u201d, record\u00f3 Verdugo aquella noche de 28 de octubre en Hermosillo, Sonora.<\/p>\n\n\n\n<p>Y esa sensaci\u00f3n no era para menos, ya que el pelotero, con ese entonces 17 a\u00f1os, lanzaba profesionalmente con el equipo que siempre observaba en el m\u00edtico estadio \u00c1ngel Flores. \u201cEs un orgullo pertenecer al equipo de donde nac\u00ed, que iba a ver cuando era ni\u00f1o, y gracias a Dios se me dio esa oportunidad\u201d, destac\u00f3.<br>Para Verdugo, esta es su tercera pretemporada con el conjunto guinda y siente que a pesar de tener una corta carrera, tiene m\u00e1s madurez y no solamente se visualiza dentro del primer equipo, sino que Luis \u00c1ngel tiene como consigna personal ser parte de la rotaci\u00f3n abridora. \u201cMe siento contento de volver a iniciar con el equipo que so\u00f1\u00e9 desde ni\u00f1o. Est\u00e1 dura la competencia, pero empezamos con todas las ganas para tener un lugar en el equipo. Quiero buscar un lugar como p\u00edcher abridor con Culiac\u00e1n\u201d, declar\u00f3.<\/p>\n\n\n\n<p>El ser abridor no es nuevo para \u00e9l, ya que en la pasada temporada de la Liga Mexicana de Beisbol desempe\u00f1\u00f3 ese papel con los Piratas de Campeche. Al inicio de la temporada pas\u00e9 por un momento al tener una lesi\u00f3n en mi hombro; me perd\u00ed la mitad de la campa\u00f1a, pero logr\u00e9 salir de la lesi\u00f3n y continu\u00e9 la segunda vuelta como inicialista. Me qued\u00f3 un gran aprendizaje, que es no agachar la cabeza por m\u00e1s que estemos pasando por un mal momento\u201d, explic\u00f3 el joven derecho, que llega a este campamento con n\u00fameros de 1-4 en diez juegos que vio acci\u00f3n con los filibusteros, cinco de ellos en calidad de abridor. Mientras que en dos a\u00f1os con los Guindas ha podido subir al mont\u00edculo en siete juegos.<\/p>\n","protected":false},"excerpt":{"rendered":"<p>En el 2020, Luis \u00c1ngel Verdugo fue anunciado como una de las primeras firmas de los Tomateros de Culiac\u00e1n para la campa\u00f1a 2020-2021 de la Liga Arco Mexicana del Pac\u00edfico. A diferencia de muchos prospectos, el oriundo de la capital sinaloense logr\u00f3 debutar en su primer a\u00f1o dentro del r\u00f3ster, momento que record\u00f3_con mucha emoci\u00f3n. [&hellip;]<\/p>\n","protected":false},"author":2,"featured_media":20578,"comment_status":"open","ping_status":"open","sticky":false,"template":"","format":"standard","meta":{"_mi_skip_tracking":false,"footnotes":""},"categories":[16],"tags":[63,123],"class_list":["post-20577","post","type-post","status-publish","format-standard","has-post-thumbnail","hentry","category-accion","tag-lamp","tag-tomateros-de-culiacan"],"_links":{"self":[{"href":"https:\/\/www.puntociegoeditorial.com\/web\/wp-json\/wp\/v2\/posts\/20577","targetHints":{"allow":["GET"]}}],"collection":[{"href":"https:\/\/www.puntociegoeditorial.com\/web\/wp-json\/wp\/v2\/posts"}],"about":[{"href":"https:\/\/www.puntociegoeditorial.com\/web\/wp-json\/wp\/v2\/types\/post"}],"author":[{"embeddable":true,"href":"https:\/\/www.puntociegoeditorial.com\/web\/wp-json\/wp\/v2\/users\/2"}],"replies":[{"embeddable":true,"href":"https:\/\/www.puntociegoeditorial.com\/web\/wp-json\/wp\/v2\/comments?post=20577"}],"version-history":[{"count":1,"href":"https:\/\/www.puntociegoeditorial.com\/web\/wp-json\/wp\/v2\/posts\/20577\/revisions"}],"predecessor-version":[{"id":20579,"href":"https:\/\/www.puntociegoeditorial.com\/web\/wp-json\/wp\/v2\/posts\/20577\/revisions\/20579"}],"wp:featuredmedia":[{"embeddable":true,"href":"https:\/\/www.puntociegoeditorial.com\/web\/wp-json\/wp\/v2\/media\/20578"}],"wp:attachment":[{"href":"https:\/\/www.puntociegoeditorial.com\/web\/wp-json\/wp\/v2\/media?parent=20577"}],"wp:term":[{"taxonomy":"category","embeddable":true,"href":"https:\/\/www.puntociegoeditorial.com\/web\/wp-json\/wp\/v2\/categories?post=20577"},{"taxonomy":"post_tag","embeddable":true,"href":"https:\/\/www.puntociegoeditorial.com\/web\/wp-json\/wp\/v2\/tags?post=20577"}],"curies":[{"name":"wp","href":"https:\/\/api.w.org\/{rel}","templated":true}]}}