{"id":20583,"date":"2022-09-21T09:25:29","date_gmt":"2022-09-21T15:25:29","guid":{"rendered":"http:\/\/puntociegoeditorial.com\/web\/?p=20583"},"modified":"2022-09-21T09:25:29","modified_gmt":"2022-09-21T15:25:29","slug":"permaneceran-cerrados-temporalmente-parque-las-riberas-y-parque-acuatico-tras-lluvias","status":"publish","type":"post","link":"https:\/\/www.puntociegoeditorial.com\/web\/2022\/09\/21\/permaneceran-cerrados-temporalmente-parque-las-riberas-y-parque-acuatico-tras-lluvias\/","title":{"rendered":"Permanecer\u00e1n cerrados temporalmente Parque Las Riberas y Parque Acu\u00e1tico tras lluvias"},"content":{"rendered":"\n<p>Culiac\u00e1n, Sin.- Ante las recientes lluvias presentadas en la ciudad, y como una medida preventiva, tanto el Parque Acu\u00e1tico como el Parque Las Riberas permanecer\u00e1n cerrados temporalmente por recomendaci\u00f3n de la Coordinaci\u00f3n Municipal de Protecci\u00f3n Civil.<\/p>\n\n\n\n<p>Esto, ante los encharcamientos que ambos espacios p\u00fablicos presentan y para prevenir riesgos, inform\u00f3 el titular de dicha Coordinaci\u00f3n, Jes\u00fas Bill Mendoza Ontiveros, quien indic\u00f3 que ser\u00e1n alrededor de dos d\u00edas los que durar\u00e1 el cierre.<\/p>\n\n\n\n<p>\u201cEs necesario tomar la medida del cierre temporal de estos dos parques naturales que se encuentran a la orilla del R\u00edo Tamazula, a efecto de darle un seguimiento puntual dentro de los siguientes dos d\u00edas para ver la evoluci\u00f3n de c\u00f3mo va el crecimiento del mismo r\u00edo y poder que disminuya un poco los encharcamientos derivados de las lluvias, tanto por el r\u00edo como el tema del desfogue\u201d, expres\u00f3.<\/p>\n\n\n\n<p>Asimismo, precis\u00f3 que durante este periodo, personal de los centros recreativos y de Aseo y Limpia del municipio, realizar\u00e1n una intensa jornada de limpieza para contribuir a devolver las condiciones \u00f3ptimas de estos lugares que diariamente registran gran afluencia.<\/p>\n\n\n\n<p>Resalt\u00f3 que en el caso del Parque Las Riberas, las secciones con mayores afectaciones fueron a la altura del Puente Bimodal y Plaza Ventura, sin embargo todo el parque ser\u00e1 cerrado por prevenci\u00f3n.<\/p>\n\n\n\n<p>De igual modo, dijo, el d\u00eda jueves se realizar\u00e1 un vuelo con dron en coordinaci\u00f3n con Conalep para evaluar la disminuci\u00f3n de los niveles de agua y determinar si es posible la reapertura o en su caso, tomar las medidas pertinentes.<\/p>\n\n\n\n<p>En este sentido, el funcionario municipal llam\u00f3 a la ciudadan\u00eda a acatar las recomendaciones y respetar el cierre, pues el objetivo es salvaguardar la integridad de la poblaci\u00f3n.<\/p>\n","protected":false},"excerpt":{"rendered":"<p>Culiac\u00e1n, Sin.- Ante las recientes lluvias presentadas en la ciudad, y como una medida preventiva, tanto el Parque Acu\u00e1tico como el Parque Las Riberas permanecer\u00e1n cerrados temporalmente por recomendaci\u00f3n de la Coordinaci\u00f3n Municipal de Protecci\u00f3n Civil. Esto, ante los encharcamientos que ambos espacios p\u00fablicos presentan y para prevenir riesgos, inform\u00f3 el titular de dicha Coordinaci\u00f3n, [&hellip;]<\/p>\n","protected":false},"author":2,"featured_media":20584,"comment_status":"open","ping_status":"open","sticky":false,"template":"","format":"standard","meta":{"_mi_skip_tracking":false,"footnotes":""},"categories":[12],"tags":[2331,128,25],"class_list":["post-20583","post","type-post","status-publish","format-standard","has-post-thumbnail","hentry","category-ciudad","tag-parque-acuatico","tag-parque-las-riberas","tag-proteccion-civil"],"_links":{"self":[{"href":"https:\/\/www.puntociegoeditorial.com\/web\/wp-json\/wp\/v2\/posts\/20583","targetHints":{"allow":["GET"]}}],"collection":[{"href":"https:\/\/www.puntociegoeditorial.com\/web\/wp-json\/wp\/v2\/posts"}],"about":[{"href":"https:\/\/www.puntociegoeditorial.com\/web\/wp-json\/wp\/v2\/types\/post"}],"author":[{"embeddable":true,"href":"https:\/\/www.puntociegoeditorial.com\/web\/wp-json\/wp\/v2\/users\/2"}],"replies":[{"embeddable":true,"href":"https:\/\/www.puntociegoeditorial.com\/web\/wp-json\/wp\/v2\/comments?post=20583"}],"version-history":[{"count":1,"href":"https:\/\/www.puntociegoeditorial.com\/web\/wp-json\/wp\/v2\/posts\/20583\/revisions"}],"predecessor-version":[{"id":20585,"href":"https:\/\/www.puntociegoeditorial.com\/web\/wp-json\/wp\/v2\/posts\/20583\/revisions\/20585"}],"wp:featuredmedia":[{"embeddable":true,"href":"https:\/\/www.puntociegoeditorial.com\/web\/wp-json\/wp\/v2\/media\/20584"}],"wp:attachment":[{"href":"https:\/\/www.puntociegoeditorial.com\/web\/wp-json\/wp\/v2\/media?parent=20583"}],"wp:term":[{"taxonomy":"category","embeddable":true,"href":"https:\/\/www.puntociegoeditorial.com\/web\/wp-json\/wp\/v2\/categories?post=20583"},{"taxonomy":"post_tag","embeddable":true,"href":"https:\/\/www.puntociegoeditorial.com\/web\/wp-json\/wp\/v2\/tags?post=20583"}],"curies":[{"name":"wp","href":"https:\/\/api.w.org\/{rel}","templated":true}]}}