{"id":20586,"date":"2022-09-21T09:26:51","date_gmt":"2022-09-21T15:26:51","guid":{"rendered":"http:\/\/puntociegoeditorial.com\/web\/?p=20586"},"modified":"2022-09-21T09:26:51","modified_gmt":"2022-09-21T15:26:51","slug":"a-seguir-trabajando-en-equipo-invita-jaime-montes-a-empleados-sindicalizados","status":"publish","type":"post","link":"https:\/\/www.puntociegoeditorial.com\/web\/2022\/09\/21\/a-seguir-trabajando-en-equipo-invita-jaime-montes-a-empleados-sindicalizados\/","title":{"rendered":"A SEGUIR TRABAJANDO EN EQUIPO INVITA JAIME MONTES A EMPLEADOS SINDICALIZADOS"},"content":{"rendered":"\n<p>A seguir trabajando en equipo para cumplir con la importante tarea de atender a las y los productores del campo y, as\u00ed contribuir para que Sinaloa tenga el mejor sector agropecuario del mundo, invit\u00f3 el titular de la SAyG, Jos\u00e9 Jaime Montes Salas a todas las trabajadoras y los trabajadores sindicalizados de la dependencia.<br>Lo anterior al sostener una reuni\u00f3n con las y los empleados de la SAyG y el delgado del STASE, Jes\u00fas Humberto Gutierrez Barrios en la que expusieron abiertamente una serie de necesidades laborales.<\/p>\n\n\n\n<p>Temas como la nivelaci\u00f3n de plazas y salarios, la solicitud de est\u00edmulos y apoyos para mejorar la situaci\u00f3n laboral y mayor respaldo para trabajadores que atienden ventanillas, son parte de los planteamientos expuestos en la reuni\u00f3n.<\/p>\n\n\n\n<p>Luego de escuchar con atenci\u00f3n las inquietudes de las y los empleados sindicalizados, el titular de la SAyG estableci\u00f3 el compromiso de seguir trabajando junto con la dirigencia de su Sindicato para buscar soluci\u00f3n a dichos planteamientos.<br>Es una instrucci\u00f3n del Gobernador del Estado, Rub\u00e9n Rocha Moya mantener un trabajo permanente y en conjunto con los trabajadores y el Sindicato de Trabajadores al Servicio del Estado.<\/p>\n\n\n\n<p>Ambas partes acordaron mantener una relaci\u00f3n fraterna de trabajo en una agenda de mejora permanente y, con ello, de manera simult\u00e1nea atender las necesidades del campo, de las y los productores y sus familias.<\/p>\n","protected":false},"excerpt":{"rendered":"<p>A seguir trabajando en equipo para cumplir con la importante tarea de atender a las y los productores del campo y, as\u00ed contribuir para que Sinaloa tenga el mejor sector agropecuario del mundo, invit\u00f3 el titular de la SAyG, Jos\u00e9 Jaime Montes Salas a todas las trabajadoras y los trabajadores sindicalizados de la dependencia.Lo anterior [&hellip;]<\/p>\n","protected":false},"author":2,"featured_media":20587,"comment_status":"open","ping_status":"open","sticky":false,"template":"","format":"standard","meta":{"_mi_skip_tracking":false,"footnotes":""},"categories":[13],"tags":[134,187],"class_list":["post-20586","post","type-post","status-publish","format-standard","has-post-thumbnail","hentry","category-sinaloa","tag-ruben-rocha-moya","tag-stase"],"_links":{"self":[{"href":"https:\/\/www.puntociegoeditorial.com\/web\/wp-json\/wp\/v2\/posts\/20586","targetHints":{"allow":["GET"]}}],"collection":[{"href":"https:\/\/www.puntociegoeditorial.com\/web\/wp-json\/wp\/v2\/posts"}],"about":[{"href":"https:\/\/www.puntociegoeditorial.com\/web\/wp-json\/wp\/v2\/types\/post"}],"author":[{"embeddable":true,"href":"https:\/\/www.puntociegoeditorial.com\/web\/wp-json\/wp\/v2\/users\/2"}],"replies":[{"embeddable":true,"href":"https:\/\/www.puntociegoeditorial.com\/web\/wp-json\/wp\/v2\/comments?post=20586"}],"version-history":[{"count":1,"href":"https:\/\/www.puntociegoeditorial.com\/web\/wp-json\/wp\/v2\/posts\/20586\/revisions"}],"predecessor-version":[{"id":20588,"href":"https:\/\/www.puntociegoeditorial.com\/web\/wp-json\/wp\/v2\/posts\/20586\/revisions\/20588"}],"wp:featuredmedia":[{"embeddable":true,"href":"https:\/\/www.puntociegoeditorial.com\/web\/wp-json\/wp\/v2\/media\/20587"}],"wp:attachment":[{"href":"https:\/\/www.puntociegoeditorial.com\/web\/wp-json\/wp\/v2\/media?parent=20586"}],"wp:term":[{"taxonomy":"category","embeddable":true,"href":"https:\/\/www.puntociegoeditorial.com\/web\/wp-json\/wp\/v2\/categories?post=20586"},{"taxonomy":"post_tag","embeddable":true,"href":"https:\/\/www.puntociegoeditorial.com\/web\/wp-json\/wp\/v2\/tags?post=20586"}],"curies":[{"name":"wp","href":"https:\/\/api.w.org\/{rel}","templated":true}]}}