{"id":20596,"date":"2022-09-21T15:47:03","date_gmt":"2022-09-21T21:47:03","guid":{"rendered":"http:\/\/puntociegoeditorial.com\/web\/?p=20596"},"modified":"2022-09-21T15:47:03","modified_gmt":"2022-09-21T21:47:03","slug":"encabeza-julio-cesar-cascajares-curso-taller-matematicas-ludicas","status":"publish","type":"post","link":"https:\/\/www.puntociegoeditorial.com\/web\/2022\/09\/21\/encabeza-julio-cesar-cascajares-curso-taller-matematicas-ludicas\/","title":{"rendered":"Encabeza Julio C\u00e9sar Cascajares Curso-Taller \u2018Matem\u00e1ticas-L\u00fadicas\u2019"},"content":{"rendered":"\n<p>CULIAC\u00c1N, Sinaloa._ El Director General del Instituto Sinaloense de Cultura F\u00edsica y el Deporte, Julio C\u00e9sar Cascajares Ram\u00edrez, encabez\u00f3 la apertura del Curso-Taller \u201cMatem\u00e1ticas-L\u00fadicas\u201d en el Centro de Alto Rendimiento, impartidas por el doctor Horacio Garc\u00eda Mata.<br>Esta capacitaci\u00f3n les permitir\u00e1 a los docentes de la Educaci\u00f3n F\u00edsica capacitarse para llevar herramientas pedag\u00f3gicas para la mejor ense\u00f1anza-aprendizaje de ni\u00f1as y ni\u00f1os sinaloenses.<br>Cascajares Ram\u00edrez felicit\u00f3 a Juan de Dios Quintero L\u00f3pez, jefe del departamento de Educaci\u00f3n F\u00edsica Federa, por impulsar este tipo de capacitaci\u00f3n para los profesores.<br>\u201cJuan De Dios (Quintero), te felicito, es un gran evento, es algo que le estas brindando en nombre de la Secretar\u00eda de Educaci\u00f3n P\u00fablica a los profesores, y nosotros como ISDE estamos trabajando en conjunto con la SEPyC, siempre para poder brindar un mejor desarrollo f\u00edsico-t\u00e9cnico como lo principal en la formaci\u00f3n de ni\u00f1os y adolescentes\u201d, coment\u00f3 el Director General del ISDE.<br>\u201cEn nombre del Gobernador, Rub\u00e9n Rocha Moya, siempre tendr\u00e1n nuestro apoyo, y cuentes con nosotros, estamos en la mejor disposici\u00f3n para que salga mejor\u201d.<br>Juan de Dios Quintero L\u00f3pez agradeci\u00f3 el apoyo brindado por parte del Instituto Sinaloense de Cultura F\u00edsica.<br>\u201cLe agradezco a Julio (Cascajares) por todo el apoyo, por medio del Instituto, le has dado a los docentes de Educaci\u00f3n F\u00edsica, le estas dando rostro y personalidad. Y sumamente motivado de ver a los docentes estar aqu\u00ed reunidos, despu\u00e9s de una pandemia, es un honor verlos saludables\u201d, expres\u00f3 Quintero L\u00f3pez.<br>El ponente Horacio Garc\u00eda Mata hizo entrega de un reconocimiento y medalla a Julio C\u00e9sar Cascajares, al igual que Juan de Dios Quintero, Horacio Lora Oliva, subsecretario de Educaci\u00f3n B\u00e1sica, y Beatriz Elizabeth Cano F\u00e9lix, coordinadora acad\u00e9mica de la Subsecretar\u00eda de Educaci\u00f3n B\u00e1sica.<br>Lora Oliva, adem\u00e1s de un mensaje, inaugur\u00f3 oficialmente el Curso-Taller \u201cMatem\u00e1ticas-L\u00fadicas\u201d.<\/p>\n","protected":false},"excerpt":{"rendered":"<p>CULIAC\u00c1N, Sinaloa._ El Director General del Instituto Sinaloense de Cultura F\u00edsica y el Deporte, Julio C\u00e9sar Cascajares Ram\u00edrez, encabez\u00f3 la apertura del Curso-Taller \u201cMatem\u00e1ticas-L\u00fadicas\u201d en el Centro de Alto Rendimiento, impartidas por el doctor Horacio Garc\u00eda Mata.Esta capacitaci\u00f3n les permitir\u00e1 a los docentes de la Educaci\u00f3n F\u00edsica capacitarse para llevar herramientas pedag\u00f3gicas para la mejor [&hellip;]<\/p>\n","protected":false},"author":2,"featured_media":20597,"comment_status":"open","ping_status":"open","sticky":false,"template":"","format":"standard","meta":{"_mi_skip_tracking":false,"footnotes":""},"categories":[13],"tags":[87,761,134],"class_list":["post-20596","post","type-post","status-publish","format-standard","has-post-thumbnail","hentry","category-sinaloa","tag-isde","tag-julio-cesar-cascajares","tag-ruben-rocha-moya"],"_links":{"self":[{"href":"https:\/\/www.puntociegoeditorial.com\/web\/wp-json\/wp\/v2\/posts\/20596","targetHints":{"allow":["GET"]}}],"collection":[{"href":"https:\/\/www.puntociegoeditorial.com\/web\/wp-json\/wp\/v2\/posts"}],"about":[{"href":"https:\/\/www.puntociegoeditorial.com\/web\/wp-json\/wp\/v2\/types\/post"}],"author":[{"embeddable":true,"href":"https:\/\/www.puntociegoeditorial.com\/web\/wp-json\/wp\/v2\/users\/2"}],"replies":[{"embeddable":true,"href":"https:\/\/www.puntociegoeditorial.com\/web\/wp-json\/wp\/v2\/comments?post=20596"}],"version-history":[{"count":1,"href":"https:\/\/www.puntociegoeditorial.com\/web\/wp-json\/wp\/v2\/posts\/20596\/revisions"}],"predecessor-version":[{"id":20598,"href":"https:\/\/www.puntociegoeditorial.com\/web\/wp-json\/wp\/v2\/posts\/20596\/revisions\/20598"}],"wp:featuredmedia":[{"embeddable":true,"href":"https:\/\/www.puntociegoeditorial.com\/web\/wp-json\/wp\/v2\/media\/20597"}],"wp:attachment":[{"href":"https:\/\/www.puntociegoeditorial.com\/web\/wp-json\/wp\/v2\/media?parent=20596"}],"wp:term":[{"taxonomy":"category","embeddable":true,"href":"https:\/\/www.puntociegoeditorial.com\/web\/wp-json\/wp\/v2\/categories?post=20596"},{"taxonomy":"post_tag","embeddable":true,"href":"https:\/\/www.puntociegoeditorial.com\/web\/wp-json\/wp\/v2\/tags?post=20596"}],"curies":[{"name":"wp","href":"https:\/\/api.w.org\/{rel}","templated":true}]}}