{"id":2068,"date":"2021-09-28T21:49:44","date_gmt":"2021-09-29T03:49:44","guid":{"rendered":"https:\/\/puntociegoeditorial.com\/web\/?p=2068"},"modified":"2021-09-28T21:49:44","modified_gmt":"2021-09-29T03:49:44","slug":"cancelan-proyecto-sendero-en-culiacan","status":"publish","type":"post","link":"https:\/\/www.puntociegoeditorial.com\/web\/2021\/09\/28\/cancelan-proyecto-sendero-en-culiacan\/","title":{"rendered":"Cancelan proyecto Sendero en Culiac\u00e1n"},"content":{"rendered":"\n<p>Culiac\u00e1n, Sin.- El Proyecto Sendero de Culiac\u00e1n se cancel\u00f3, revel\u00f3 la presidenta de la Sociedad Bot\u00e1nica y Zool\u00f3gica, B\u00e1rbara Apodaca.<\/p>\n\n\n\n<p>La titular de este organismo coment\u00f3 qu\u00e9 fue el pasado jueves 23 de septiembre cuando el Gobierno del Estado a trav\u00e9s de la Secretar\u00eda de Desarrollo Sustentable y Obras P\u00fablicas le notific\u00f3 esta situaci\u00f3n.<\/p>\n\n\n\n<p>B\u00e1rbara Apodaca asegur\u00f3 que los grupos opositores mintieron cuando dijeron que la construcci\u00f3n ten\u00eda como objetivo construir un proyecto comercial y destruir la milla.<\/p>\n\n\n\n<p>Finalmente, explic\u00f3 que para esta obra se invirtieron 18 millones de pesos, recurso que se desconoce cual fue su destino.<\/p>\n","protected":false},"excerpt":{"rendered":"<p>Culiac\u00e1n, Sin.- El Proyecto Sendero de Culiac\u00e1n se cancel\u00f3, revel\u00f3 la presidenta de la Sociedad Bot\u00e1nica y Zool\u00f3gica, B\u00e1rbara Apodaca. La titular de este organismo coment\u00f3 qu\u00e9 fue el pasado jueves 23 de septiembre cuando el Gobierno del Estado a trav\u00e9s de la Secretar\u00eda de Desarrollo Sustentable y Obras P\u00fablicas le notific\u00f3 esta situaci\u00f3n. B\u00e1rbara [&hellip;]<\/p>\n","protected":false},"author":2,"featured_media":2069,"comment_status":"open","ping_status":"open","sticky":false,"template":"","format":"standard","meta":{"_mi_skip_tracking":false,"footnotes":""},"categories":[12],"tags":[162,26,483],"class_list":["post-2068","post","type-post","status-publish","format-standard","has-post-thumbnail","hentry","category-ciudad","tag-barbara-apodaca","tag-culiacan","tag-sendero"],"_links":{"self":[{"href":"https:\/\/www.puntociegoeditorial.com\/web\/wp-json\/wp\/v2\/posts\/2068","targetHints":{"allow":["GET"]}}],"collection":[{"href":"https:\/\/www.puntociegoeditorial.com\/web\/wp-json\/wp\/v2\/posts"}],"about":[{"href":"https:\/\/www.puntociegoeditorial.com\/web\/wp-json\/wp\/v2\/types\/post"}],"author":[{"embeddable":true,"href":"https:\/\/www.puntociegoeditorial.com\/web\/wp-json\/wp\/v2\/users\/2"}],"replies":[{"embeddable":true,"href":"https:\/\/www.puntociegoeditorial.com\/web\/wp-json\/wp\/v2\/comments?post=2068"}],"version-history":[{"count":1,"href":"https:\/\/www.puntociegoeditorial.com\/web\/wp-json\/wp\/v2\/posts\/2068\/revisions"}],"predecessor-version":[{"id":2070,"href":"https:\/\/www.puntociegoeditorial.com\/web\/wp-json\/wp\/v2\/posts\/2068\/revisions\/2070"}],"wp:featuredmedia":[{"embeddable":true,"href":"https:\/\/www.puntociegoeditorial.com\/web\/wp-json\/wp\/v2\/media\/2069"}],"wp:attachment":[{"href":"https:\/\/www.puntociegoeditorial.com\/web\/wp-json\/wp\/v2\/media?parent=2068"}],"wp:term":[{"taxonomy":"category","embeddable":true,"href":"https:\/\/www.puntociegoeditorial.com\/web\/wp-json\/wp\/v2\/categories?post=2068"},{"taxonomy":"post_tag","embeddable":true,"href":"https:\/\/www.puntociegoeditorial.com\/web\/wp-json\/wp\/v2\/tags?post=2068"}],"curies":[{"name":"wp","href":"https:\/\/api.w.org\/{rel}","templated":true}]}}