{"id":20847,"date":"2022-09-24T12:34:45","date_gmt":"2022-09-24T18:34:45","guid":{"rendered":"https:\/\/puntociegoeditorial.com\/web\/?p=20847"},"modified":"2022-09-24T12:34:45","modified_gmt":"2022-09-24T18:34:45","slug":"el-parque-las-riberas-y-acuatico-seguira-cerrado-alcalde","status":"publish","type":"post","link":"https:\/\/www.puntociegoeditorial.com\/web\/2022\/09\/24\/el-parque-las-riberas-y-acuatico-seguira-cerrado-alcalde\/","title":{"rendered":"El parque Las Riberas y Acu\u00e1tico seguir\u00e1 cerrado: Alcalde"},"content":{"rendered":"\n<p>El presidente municipal de Culiac\u00e1n expres\u00f3 que no hay condiciones para que estos espacios est\u00e9n abiertos.<\/p>\n\n\n\n<p>CULIAC\u00c1N. El parque Las Riberas y el parque Acu\u00e1tico contin\u00faan cerrados debido a que el r\u00edo a subido de nivel por las lluvias, inform\u00f3 el alcalde de Culiac\u00e1n.<\/p>\n\n\n\n<p>Juan de Dios G\u00e1mez Mendivil extern\u00f3 que las lluvias continuar\u00e1n y eso provoca que estos espacios p\u00fablicos contin\u00faen cerrados, sobre todo para prevenir.<\/p>\n\n\n\n<p>El presiente municipal agreg\u00f3 que es probable que en la siguiente semana los centros recreativos se reabra, pero depender\u00e1 de las lluvias que se presenten pr\u00f3ximamente.<\/p>\n","protected":false},"excerpt":{"rendered":"<p>El presidente municipal de Culiac\u00e1n expres\u00f3 que no hay condiciones para que estos espacios est\u00e9n abiertos. CULIAC\u00c1N. El parque Las Riberas y el parque Acu\u00e1tico contin\u00faan cerrados debido a que el r\u00edo a subido de nivel por las lluvias, inform\u00f3 el alcalde de Culiac\u00e1n. Juan de Dios G\u00e1mez Mendivil extern\u00f3 que las lluvias continuar\u00e1n y [&hellip;]<\/p>\n","protected":false},"author":2,"featured_media":20848,"comment_status":"open","ping_status":"open","sticky":false,"template":"","format":"standard","meta":{"_mi_skip_tracking":false,"footnotes":""},"categories":[12],"tags":[697,1987,128],"class_list":["post-20847","post","type-post","status-publish","format-standard","has-post-thumbnail","hentry","category-ciudad","tag-ayuntamiento-de-culiacan","tag-juan-de-dios-gamez-mendivil","tag-parque-las-riberas"],"_links":{"self":[{"href":"https:\/\/www.puntociegoeditorial.com\/web\/wp-json\/wp\/v2\/posts\/20847","targetHints":{"allow":["GET"]}}],"collection":[{"href":"https:\/\/www.puntociegoeditorial.com\/web\/wp-json\/wp\/v2\/posts"}],"about":[{"href":"https:\/\/www.puntociegoeditorial.com\/web\/wp-json\/wp\/v2\/types\/post"}],"author":[{"embeddable":true,"href":"https:\/\/www.puntociegoeditorial.com\/web\/wp-json\/wp\/v2\/users\/2"}],"replies":[{"embeddable":true,"href":"https:\/\/www.puntociegoeditorial.com\/web\/wp-json\/wp\/v2\/comments?post=20847"}],"version-history":[{"count":1,"href":"https:\/\/www.puntociegoeditorial.com\/web\/wp-json\/wp\/v2\/posts\/20847\/revisions"}],"predecessor-version":[{"id":20849,"href":"https:\/\/www.puntociegoeditorial.com\/web\/wp-json\/wp\/v2\/posts\/20847\/revisions\/20849"}],"wp:featuredmedia":[{"embeddable":true,"href":"https:\/\/www.puntociegoeditorial.com\/web\/wp-json\/wp\/v2\/media\/20848"}],"wp:attachment":[{"href":"https:\/\/www.puntociegoeditorial.com\/web\/wp-json\/wp\/v2\/media?parent=20847"}],"wp:term":[{"taxonomy":"category","embeddable":true,"href":"https:\/\/www.puntociegoeditorial.com\/web\/wp-json\/wp\/v2\/categories?post=20847"},{"taxonomy":"post_tag","embeddable":true,"href":"https:\/\/www.puntociegoeditorial.com\/web\/wp-json\/wp\/v2\/tags?post=20847"}],"curies":[{"name":"wp","href":"https:\/\/api.w.org\/{rel}","templated":true}]}}