{"id":20870,"date":"2022-09-24T14:23:20","date_gmt":"2022-09-24T20:23:20","guid":{"rendered":"https:\/\/puntociegoeditorial.com\/web\/?p=20870"},"modified":"2022-09-24T14:23:20","modified_gmt":"2022-09-24T20:23:20","slug":"inauguran-la-primera-copa-municipal-de-natacion-imdec-2022","status":"publish","type":"post","link":"https:\/\/www.puntociegoeditorial.com\/web\/2022\/09\/24\/inauguran-la-primera-copa-municipal-de-natacion-imdec-2022\/","title":{"rendered":"INAUGURAN LA PRIMERA COPA MUNICIPAL DE NATACI\u00d3N IMDEC 2022"},"content":{"rendered":"\n<p>Culiac\u00e1n, Sinaloa a 24 de septiembre de 2022.- El Gobierno de Culiac\u00e1n que preside Juan de Dios G\u00e1mez Mend\u00edvil, a trav\u00e9s del Instituto Municipal del Deporte y la Cultura F\u00edsica que encabeza, Heriberto Garc\u00eda Osuna, dio la bienvenida a los 150 tritones que participan en la Primera Copa Municipal de Nataci\u00f3n, que se puso en marcha hoy en la Alberca de Ciudad Educadora.<\/p>\n\n\n\n<p>El titular del deporte en el Municipio de Culiac\u00e1n a nombre del alcalde felicit\u00f3 a los nadadores participantes de las delegaciones de los estados de Sonora y Chihuahua, as\u00ed como de los municipios de Navolato, Mazatl\u00e1n, Los Mochis y el anfitri\u00f3n, Culiac\u00e1n, Sinaloa.<\/p>\n\n\n\n<p>\u201cLes doy la m\u00e1s cordial de las bienvenidas y en especial a nuestro invitado especial, Luis Ur\u00edas Barajas, ganador de varias medallas internacionales en la disciplina de Nataci\u00f3n, lo que viene a comprobar que los sue\u00f1os se cumplen cuando uno se los propone\u201d, expres\u00f3 el director del IMDEC en su mensaje.<\/p>\n\n\n\n<p>El evento dio inicio con los honores a la bandera realizados por elementos de la Secretar\u00eda de Seguridad P\u00fablica y Tr\u00e1nsito Municipal y posteriormente se present\u00f3 un cuadro art\u00edstico tradicional sinaloense conocido como la Danza del Venado, realizado por Paola Covarrubias.<\/p>\n\n\n\n<p>El director general del ISDE, Julio Cascajares Ram\u00edrez, quien a nombre del gobernador Rub\u00e9n Rocha Moya, inaugur\u00f3 el evento y conmin\u00f3 a los tritones a dar lo mejor para convertirse en dignos representantes en competencias pr\u00f3ximas, donde el estado estar\u00e1 listo para apoyarlos de la mejor manera.<\/p>\n\n\n\n<p>El director del ISDE se encarg\u00f3 de dar la salida en falso.<\/p>\n\n\n\n<p>Despu\u00e9s dieron inicio con las competencias, que finalizar\u00e1n ma\u00f1ana domingo.<\/p>\n","protected":false},"excerpt":{"rendered":"<p>Culiac\u00e1n, Sinaloa a 24 de septiembre de 2022.- El Gobierno de Culiac\u00e1n que preside Juan de Dios G\u00e1mez Mend\u00edvil, a trav\u00e9s del Instituto Municipal del Deporte y la Cultura F\u00edsica que encabeza, Heriberto Garc\u00eda Osuna, dio la bienvenida a los 150 tritones que participan en la Primera Copa Municipal de Nataci\u00f3n, que se puso en [&hellip;]<\/p>\n","protected":false},"author":2,"featured_media":20871,"comment_status":"open","ping_status":"open","sticky":false,"template":"","format":"standard","meta":{"_mi_skip_tracking":false,"footnotes":""},"categories":[16],"tags":[503,985],"class_list":["post-20870","post","type-post","status-publish","format-standard","has-post-thumbnail","hentry","category-accion","tag-imdec","tag-natacion"],"_links":{"self":[{"href":"https:\/\/www.puntociegoeditorial.com\/web\/wp-json\/wp\/v2\/posts\/20870","targetHints":{"allow":["GET"]}}],"collection":[{"href":"https:\/\/www.puntociegoeditorial.com\/web\/wp-json\/wp\/v2\/posts"}],"about":[{"href":"https:\/\/www.puntociegoeditorial.com\/web\/wp-json\/wp\/v2\/types\/post"}],"author":[{"embeddable":true,"href":"https:\/\/www.puntociegoeditorial.com\/web\/wp-json\/wp\/v2\/users\/2"}],"replies":[{"embeddable":true,"href":"https:\/\/www.puntociegoeditorial.com\/web\/wp-json\/wp\/v2\/comments?post=20870"}],"version-history":[{"count":1,"href":"https:\/\/www.puntociegoeditorial.com\/web\/wp-json\/wp\/v2\/posts\/20870\/revisions"}],"predecessor-version":[{"id":20872,"href":"https:\/\/www.puntociegoeditorial.com\/web\/wp-json\/wp\/v2\/posts\/20870\/revisions\/20872"}],"wp:featuredmedia":[{"embeddable":true,"href":"https:\/\/www.puntociegoeditorial.com\/web\/wp-json\/wp\/v2\/media\/20871"}],"wp:attachment":[{"href":"https:\/\/www.puntociegoeditorial.com\/web\/wp-json\/wp\/v2\/media?parent=20870"}],"wp:term":[{"taxonomy":"category","embeddable":true,"href":"https:\/\/www.puntociegoeditorial.com\/web\/wp-json\/wp\/v2\/categories?post=20870"},{"taxonomy":"post_tag","embeddable":true,"href":"https:\/\/www.puntociegoeditorial.com\/web\/wp-json\/wp\/v2\/tags?post=20870"}],"curies":[{"name":"wp","href":"https:\/\/api.w.org\/{rel}","templated":true}]}}