{"id":20926,"date":"2022-09-26T10:47:27","date_gmt":"2022-09-26T16:47:27","guid":{"rendered":"http:\/\/puntociegoeditorial.com\/web\/?p=20926"},"modified":"2022-09-26T10:47:27","modified_gmt":"2022-09-26T16:47:27","slug":"concluye-con-exito-la-copa-municipal-de-natacion-imdec-2022","status":"publish","type":"post","link":"https:\/\/www.puntociegoeditorial.com\/web\/2022\/09\/26\/concluye-con-exito-la-copa-municipal-de-natacion-imdec-2022\/","title":{"rendered":"Concluye con \u00e9xito la Copa Municipal de Nataci\u00f3n IMDEC 2022"},"content":{"rendered":"\n<p>Culiac\u00e1n, Sin., a 25 de septiembre de 2022.- Con \u00e9xito concluy\u00f3 la Primera Copa Municipal de Nataci\u00f3n que organiz\u00f3 el Instituto Municipal del Deporte y la Cultura F\u00edsica, en el marco de los Festejos del 491 Aniversario de Culiac\u00e1n.<\/p>\n\n\n\n<p>En esta competencia participaron m\u00e1s de 150 nadadores de diferentes estados como Sonora y Chihuahua, as\u00ed como de algunos municipios de Sinaloa como Culiac\u00e1n, Navolato, Mazatl\u00e1n, Los Mochis y Salvador Alvarado.<\/p>\n\n\n\n<p>\u00abGracias a todos, a los padres de familia, a los entrenadores y sobre todo a los competidores, por hacer posible esta competencia. Sin ustedes esto no fuera posible. A los que vienen de fuera, gracias y les deseo un feliz viaje\u00bb, dijo el director general del IMDEC, Heriberto Garc\u00eda Osuna, en su mensaje de clausura.<\/p>\n\n\n\n<p>\u00abA nombre del alcalde Juan de Dios G\u00e1mez Mend\u00edvil, agradezco esta oportunidad que nos dieron de hacer esta competencia, esta Primera Copa Municipal de Nataci\u00f3n IMDEC 2022 y esperemos que no sea la primera vez que nos visiten. Hicimos un gran esfuerzo para atenderlos lo mejor posible, ojal\u00e1 se lleven una buena impresi\u00f3n y les reconozco la gran disciplina que tienen, y los esperamos en la segunda edici\u00f3n\u00bb, agreg\u00f3.<\/p>\n\n\n\n<p>Despu\u00e9s de su mensaje, se premi\u00f3 a lo mejor de la competencia y adem\u00e1s se hizo entrega de un reconocimiento especial a la paraatleta mazatleca Claudia Aguirre Bustamante, quien ha logrado buenos resultados para Sinaloa en justas nacionales.<\/p>\n\n\n\n<p>Todos los nadadores recibieron su trofeo y medallas por parte del director general del IMDEC, Heriberto Garc\u00eda Osuna.<\/p>\n\n\n\n<p>PUNTUACI\u00d3N POR EQUIPO<br>CLUB (pts)<br>Alberca Ol\u00edmpica Mazatl\u00e1n (638)<br>IMED de Chihuahua (226)<br>Jaguares Culiac\u00e1n (205)<br>Lobos Marinos IMSS Navolato (182)<br>Barracudas Madeosclen (110)<br>Escuela Municipal Salvador Alvarado (86)<br>ITSON Navojoa (76)<br>Campestre Chapultepec (18)<br>Aqu\u00e1tica (15)<br>Rayas Los Mochis (8)<br>Nadadores Libres (6)<br>Culiacancito (3)<\/p>\n","protected":false},"excerpt":{"rendered":"<p>Culiac\u00e1n, Sin., a 25 de septiembre de 2022.- Con \u00e9xito concluy\u00f3 la Primera Copa Municipal de Nataci\u00f3n que organiz\u00f3 el Instituto Municipal del Deporte y la Cultura F\u00edsica, en el marco de los Festejos del 491 Aniversario de Culiac\u00e1n. En esta competencia participaron m\u00e1s de 150 nadadores de diferentes estados como Sonora y Chihuahua, as\u00ed [&hellip;]<\/p>\n","protected":false},"author":2,"featured_media":20927,"comment_status":"open","ping_status":"open","sticky":false,"template":"","format":"standard","meta":{"_mi_skip_tracking":false,"footnotes":""},"categories":[16],"tags":[503,985],"class_list":["post-20926","post","type-post","status-publish","format-standard","has-post-thumbnail","hentry","category-accion","tag-imdec","tag-natacion"],"_links":{"self":[{"href":"https:\/\/www.puntociegoeditorial.com\/web\/wp-json\/wp\/v2\/posts\/20926","targetHints":{"allow":["GET"]}}],"collection":[{"href":"https:\/\/www.puntociegoeditorial.com\/web\/wp-json\/wp\/v2\/posts"}],"about":[{"href":"https:\/\/www.puntociegoeditorial.com\/web\/wp-json\/wp\/v2\/types\/post"}],"author":[{"embeddable":true,"href":"https:\/\/www.puntociegoeditorial.com\/web\/wp-json\/wp\/v2\/users\/2"}],"replies":[{"embeddable":true,"href":"https:\/\/www.puntociegoeditorial.com\/web\/wp-json\/wp\/v2\/comments?post=20926"}],"version-history":[{"count":1,"href":"https:\/\/www.puntociegoeditorial.com\/web\/wp-json\/wp\/v2\/posts\/20926\/revisions"}],"predecessor-version":[{"id":20928,"href":"https:\/\/www.puntociegoeditorial.com\/web\/wp-json\/wp\/v2\/posts\/20926\/revisions\/20928"}],"wp:featuredmedia":[{"embeddable":true,"href":"https:\/\/www.puntociegoeditorial.com\/web\/wp-json\/wp\/v2\/media\/20927"}],"wp:attachment":[{"href":"https:\/\/www.puntociegoeditorial.com\/web\/wp-json\/wp\/v2\/media?parent=20926"}],"wp:term":[{"taxonomy":"category","embeddable":true,"href":"https:\/\/www.puntociegoeditorial.com\/web\/wp-json\/wp\/v2\/categories?post=20926"},{"taxonomy":"post_tag","embeddable":true,"href":"https:\/\/www.puntociegoeditorial.com\/web\/wp-json\/wp\/v2\/tags?post=20926"}],"curies":[{"name":"wp","href":"https:\/\/api.w.org\/{rel}","templated":true}]}}