{"id":21035,"date":"2022-09-28T09:10:29","date_gmt":"2022-09-28T15:10:29","guid":{"rendered":"http:\/\/puntociegoeditorial.com\/web\/?p=21035"},"modified":"2022-09-28T09:10:29","modified_gmt":"2022-09-28T15:10:29","slug":"en-su-491-aniversario-culiacan-se-viste-de-arte-con-la-exposicion-san-miguel-de-arcangel","status":"publish","type":"post","link":"https:\/\/www.puntociegoeditorial.com\/web\/2022\/09\/28\/en-su-491-aniversario-culiacan-se-viste-de-arte-con-la-exposicion-san-miguel-de-arcangel\/","title":{"rendered":"En su 491 Aniversario, Culiac\u00e1n se viste de arte con la Exposici\u00f3n San Miguel de Arc\u00e1ngel"},"content":{"rendered":"\n<p>Culiac\u00e1n, Sin.- Sin duda, el arte ha engalanado los Festejos de Aniversario de Culiac\u00e1n, muestra de ello es la Exposici\u00f3n San Miguel de Arc\u00e1ngel.<\/p>\n\n\n\n<p>Realizada en el Instituto MIA, culiacanenses se dieron cita para apreciar las distintas obras de arte, hechas por artistas locales con el objetivo de conmemorar el d\u00eda de San Miguel de Arc\u00e1ngel, Santo Patrono de Culiac\u00e1n.<\/p>\n\n\n\n<p>Este pasaje, se suma a la celebraci\u00f3n de la fundaci\u00f3n de esta bella ciudad, que si bien forma parte de la tradici\u00f3n de las fiestas patronales, ah\u00ed se constituye una herencia cultural de los culiacanenses.<\/p>\n\n\n\n<p>Cabe recordar que a\u00f1o con a\u00f1o, el Ayuntamiento de Culiac\u00e1n realiza una convocatoria, en donde participan distintos artistas de la ciudad, y hoy se les dio vida a sus obras en esta gran exhibici\u00f3n.<\/p>\n\n\n\n<p>Los asistentes lograron apreciar las distintas t\u00e9cnicas que utilizaron los pintores y fot\u00f3grafos, como la de \u00abSan Miguel Vencedor lll\u00bb, plasmada en fotograf\u00eda digital, que logr\u00f3 obtener el segundo lugar de la convocatoria.<\/p>\n\n\n\n<p>Tambi\u00e9n se reconoci\u00f3 en este encuentro cultural la obra, \u00abAtisbando el Cielo Junto a un Viento Violeta\u00bb, con la t\u00e9cnica acr\u00edlico sobre lienzo.<\/p>\n\n\n\n<p>Sin duda alguna y digno de admirarse, el primer lugar lo obtuvo la obra de arte, \u00abO- Bit\u00bb, una imagen representada en pixeles con la t\u00e9cnica, pixel art.<\/p>\n\n\n\n<p>Al lugar asisti\u00f3, el alcalde de Culiac\u00e1n Juan de Dios G\u00e1mez Mend\u00edvil, y su esposa Irma Nydia Gasca Aldama quienes apreciaron a detalle cada imagen y a la par, felicitaron a los autores por hacer de su creatividad un deleite para la comunidad culichi.<\/p>\n","protected":false},"excerpt":{"rendered":"<p>Culiac\u00e1n, Sin.- Sin duda, el arte ha engalanado los Festejos de Aniversario de Culiac\u00e1n, muestra de ello es la Exposici\u00f3n San Miguel de Arc\u00e1ngel. Realizada en el Instituto MIA, culiacanenses se dieron cita para apreciar las distintas obras de arte, hechas por artistas locales con el objetivo de conmemorar el d\u00eda de San Miguel de [&hellip;]<\/p>\n","protected":false},"author":2,"featured_media":21036,"comment_status":"open","ping_status":"open","sticky":false,"template":"","format":"standard","meta":{"_mi_skip_tracking":false,"footnotes":""},"categories":[12],"tags":[498],"class_list":["post-21035","post","type-post","status-publish","format-standard","has-post-thumbnail","hentry","category-ciudad","tag-aniversario-de-culiacan"],"_links":{"self":[{"href":"https:\/\/www.puntociegoeditorial.com\/web\/wp-json\/wp\/v2\/posts\/21035","targetHints":{"allow":["GET"]}}],"collection":[{"href":"https:\/\/www.puntociegoeditorial.com\/web\/wp-json\/wp\/v2\/posts"}],"about":[{"href":"https:\/\/www.puntociegoeditorial.com\/web\/wp-json\/wp\/v2\/types\/post"}],"author":[{"embeddable":true,"href":"https:\/\/www.puntociegoeditorial.com\/web\/wp-json\/wp\/v2\/users\/2"}],"replies":[{"embeddable":true,"href":"https:\/\/www.puntociegoeditorial.com\/web\/wp-json\/wp\/v2\/comments?post=21035"}],"version-history":[{"count":1,"href":"https:\/\/www.puntociegoeditorial.com\/web\/wp-json\/wp\/v2\/posts\/21035\/revisions"}],"predecessor-version":[{"id":21037,"href":"https:\/\/www.puntociegoeditorial.com\/web\/wp-json\/wp\/v2\/posts\/21035\/revisions\/21037"}],"wp:featuredmedia":[{"embeddable":true,"href":"https:\/\/www.puntociegoeditorial.com\/web\/wp-json\/wp\/v2\/media\/21036"}],"wp:attachment":[{"href":"https:\/\/www.puntociegoeditorial.com\/web\/wp-json\/wp\/v2\/media?parent=21035"}],"wp:term":[{"taxonomy":"category","embeddable":true,"href":"https:\/\/www.puntociegoeditorial.com\/web\/wp-json\/wp\/v2\/categories?post=21035"},{"taxonomy":"post_tag","embeddable":true,"href":"https:\/\/www.puntociegoeditorial.com\/web\/wp-json\/wp\/v2\/tags?post=21035"}],"curies":[{"name":"wp","href":"https:\/\/api.w.org\/{rel}","templated":true}]}}