{"id":21160,"date":"2022-09-29T15:09:12","date_gmt":"2022-09-29T21:09:12","guid":{"rendered":"http:\/\/puntociegoeditorial.com\/web\/?p=21160"},"modified":"2022-09-29T15:09:12","modified_gmt":"2022-09-29T21:09:12","slug":"logra-lucia-alvarez-oro-en-nacional-de-judo","status":"publish","type":"post","link":"https:\/\/www.puntociegoeditorial.com\/web\/2022\/09\/29\/logra-lucia-alvarez-oro-en-nacional-de-judo\/","title":{"rendered":"Logra Luc\u00eda \u00c1lvarez oro en nacional de judo"},"content":{"rendered":"\n<p>La delegaci\u00f3n sinaloense sobresale en el evento que se realiz\u00f3 en Guadalajara, obtienen seis medallas<\/p>\n\n\n\n<p>CULIAC\u00c1N, Sinaloa, 29 de Septiembre de 2022._ Una medalla de oro, as\u00ed como una de plata y cuatro de bronce obtuvo la delegaci\u00f3n sinaloense en el Torneo Nacional de Judo \u201cProfesor Daniel F. Hern\u00e1ndez\u201d, celebrado el pasado fin de semana en las instalaciones del CODE de Guadalajara, Jalisco.<\/p>\n\n\n\n<p>La culiacanense Luc\u00eda \u00c1lvarez, en la categor\u00eda 11-12, le dio a Sinaloa la presea de oro, al derrotar a su rival de Nuevo Le\u00f3n faltando 10 segundos para que culminara el combate.<\/p>\n\n\n\n<p>Cuauht\u00e9moc Moctezuma Lugo \u00c1lvarez se qued\u00f3 con la medalla de plata en la categor\u00eda 18-21 a\u00f1os en menos de 90 kilos.<br>Quienes se quedaron con la medalla de bronce fueron Sara Media, en los 57 kilos; Mar\u00eda Casta\u00f1eda Meza, en los 63 kilos; Daniel Arag\u00f3n, en los 66 kilos, y Esteban Navarro, en los 90 kilogramos.<\/p>\n\n\n\n<p>La delegaci\u00f3n sinaloense fue acompa\u00f1ada por los profesores Eduardo Rivera (Culiac\u00e1n), Mois\u00e9s L\u00f3pez (Culiac\u00e1n), Manuel N\u00fa\u00f1ez (Mazatl\u00e1n) y Jes\u00fas Brambila (El Rosario).<\/p>\n","protected":false},"excerpt":{"rendered":"<p>La delegaci\u00f3n sinaloense sobresale en el evento que se realiz\u00f3 en Guadalajara, obtienen seis medallas CULIAC\u00c1N, Sinaloa, 29 de Septiembre de 2022._ Una medalla de oro, as\u00ed como una de plata y cuatro de bronce obtuvo la delegaci\u00f3n sinaloense en el Torneo Nacional de Judo \u201cProfesor Daniel F. Hern\u00e1ndez\u201d, celebrado el pasado fin de semana [&hellip;]<\/p>\n","protected":false},"author":2,"featured_media":21161,"comment_status":"open","ping_status":"open","sticky":false,"template":"","format":"standard","meta":{"_mi_skip_tracking":false,"footnotes":""},"categories":[16],"tags":[1412],"class_list":["post-21160","post","type-post","status-publish","format-standard","has-post-thumbnail","hentry","category-accion","tag-judo"],"_links":{"self":[{"href":"https:\/\/www.puntociegoeditorial.com\/web\/wp-json\/wp\/v2\/posts\/21160","targetHints":{"allow":["GET"]}}],"collection":[{"href":"https:\/\/www.puntociegoeditorial.com\/web\/wp-json\/wp\/v2\/posts"}],"about":[{"href":"https:\/\/www.puntociegoeditorial.com\/web\/wp-json\/wp\/v2\/types\/post"}],"author":[{"embeddable":true,"href":"https:\/\/www.puntociegoeditorial.com\/web\/wp-json\/wp\/v2\/users\/2"}],"replies":[{"embeddable":true,"href":"https:\/\/www.puntociegoeditorial.com\/web\/wp-json\/wp\/v2\/comments?post=21160"}],"version-history":[{"count":1,"href":"https:\/\/www.puntociegoeditorial.com\/web\/wp-json\/wp\/v2\/posts\/21160\/revisions"}],"predecessor-version":[{"id":21162,"href":"https:\/\/www.puntociegoeditorial.com\/web\/wp-json\/wp\/v2\/posts\/21160\/revisions\/21162"}],"wp:featuredmedia":[{"embeddable":true,"href":"https:\/\/www.puntociegoeditorial.com\/web\/wp-json\/wp\/v2\/media\/21161"}],"wp:attachment":[{"href":"https:\/\/www.puntociegoeditorial.com\/web\/wp-json\/wp\/v2\/media?parent=21160"}],"wp:term":[{"taxonomy":"category","embeddable":true,"href":"https:\/\/www.puntociegoeditorial.com\/web\/wp-json\/wp\/v2\/categories?post=21160"},{"taxonomy":"post_tag","embeddable":true,"href":"https:\/\/www.puntociegoeditorial.com\/web\/wp-json\/wp\/v2\/tags?post=21160"}],"curies":[{"name":"wp","href":"https:\/\/api.w.org\/{rel}","templated":true}]}}