{"id":2155,"date":"2021-09-30T17:27:51","date_gmt":"2021-09-30T23:27:51","guid":{"rendered":"https:\/\/puntociegoeditorial.com\/web\/?p=2155"},"modified":"2021-09-30T17:27:51","modified_gmt":"2021-09-30T23:27:51","slug":"imdec-uniforma-a-seleccion-libre-femenil-que-va-al-nacional-libre-de-futbol-5ta-copa-mamas-2021","status":"publish","type":"post","link":"https:\/\/www.puntociegoeditorial.com\/web\/2021\/09\/30\/imdec-uniforma-a-seleccion-libre-femenil-que-va-al-nacional-libre-de-futbol-5ta-copa-mamas-2021\/","title":{"rendered":"IMDEC uniforma a Selecci\u00f3n libre femenil que va al nacional libre de f\u00fatbol \u00ab5ta copa mam\u00e1s 2021\u00bb"},"content":{"rendered":"\n<p>Culiac\u00e1n, Sinaloa a 30 de septiembre 2021.- El director del Instituto Municipal del Deporte y la Cultura F\u00edsica, C.P. Carlos Octavio \u00abLarry\u00bb Lara Cebreros uniform\u00f3 a la Selecci\u00f3n Femenil de f\u00fatbol categor\u00eda Libre que asistir\u00e1 al Campeonato Nacional 5ta Copa Mamas 2021.<br>El apoyo que recibieron con mucho agrado el representativo sinaloense incluye uniforme interior de short, playera,medias, tenis, pantos, traslado, adem\u00e1s de vi\u00e1ticos, gasolina y veh\u00edculo de trasladado.<br>El conjunto sinaloense va ca dirigido por el entrenador en jefe, Mart\u00edn Vel\u00e1zquez Rodr\u00edguez.<br>La justa deportiva que tendr\u00e1 c\u00f3mo sede a Juadalajara, Jalisco del 1 al 3 de septiembre de 2021.<br>Finalmente los Estados que estar\u00e1n participar\u00e1n en esta fiesta futbolera son Baja California, Tabasco, Puerto Vallarta, Nayarit, Tlaxcala, Monterrey, Michoac\u00e1n, un equipo invitado EU, entre otros.<\/p>\n","protected":false},"excerpt":{"rendered":"<p>Culiac\u00e1n, Sinaloa a 30 de septiembre 2021.- El director del Instituto Municipal del Deporte y la Cultura F\u00edsica, C.P. Carlos Octavio \u00abLarry\u00bb Lara Cebreros uniform\u00f3 a la Selecci\u00f3n Femenil de f\u00fatbol categor\u00eda Libre que asistir\u00e1 al Campeonato Nacional 5ta Copa Mamas 2021.El apoyo que recibieron con mucho agrado el representativo sinaloense incluye uniforme interior de [&hellip;]<\/p>\n","protected":false},"author":2,"featured_media":2156,"comment_status":"open","ping_status":"open","sticky":false,"template":"","format":"standard","meta":{"_mi_skip_tracking":false,"footnotes":""},"categories":[12],"tags":[26,504,503,502],"class_list":["post-2155","post","type-post","status-publish","format-standard","has-post-thumbnail","hentry","category-ciudad","tag-culiacan","tag-futbol","tag-imdec","tag-seleccion-femenil"],"_links":{"self":[{"href":"https:\/\/www.puntociegoeditorial.com\/web\/wp-json\/wp\/v2\/posts\/2155","targetHints":{"allow":["GET"]}}],"collection":[{"href":"https:\/\/www.puntociegoeditorial.com\/web\/wp-json\/wp\/v2\/posts"}],"about":[{"href":"https:\/\/www.puntociegoeditorial.com\/web\/wp-json\/wp\/v2\/types\/post"}],"author":[{"embeddable":true,"href":"https:\/\/www.puntociegoeditorial.com\/web\/wp-json\/wp\/v2\/users\/2"}],"replies":[{"embeddable":true,"href":"https:\/\/www.puntociegoeditorial.com\/web\/wp-json\/wp\/v2\/comments?post=2155"}],"version-history":[{"count":1,"href":"https:\/\/www.puntociegoeditorial.com\/web\/wp-json\/wp\/v2\/posts\/2155\/revisions"}],"predecessor-version":[{"id":2157,"href":"https:\/\/www.puntociegoeditorial.com\/web\/wp-json\/wp\/v2\/posts\/2155\/revisions\/2157"}],"wp:featuredmedia":[{"embeddable":true,"href":"https:\/\/www.puntociegoeditorial.com\/web\/wp-json\/wp\/v2\/media\/2156"}],"wp:attachment":[{"href":"https:\/\/www.puntociegoeditorial.com\/web\/wp-json\/wp\/v2\/media?parent=2155"}],"wp:term":[{"taxonomy":"category","embeddable":true,"href":"https:\/\/www.puntociegoeditorial.com\/web\/wp-json\/wp\/v2\/categories?post=2155"},{"taxonomy":"post_tag","embeddable":true,"href":"https:\/\/www.puntociegoeditorial.com\/web\/wp-json\/wp\/v2\/tags?post=2155"}],"curies":[{"name":"wp","href":"https:\/\/api.w.org\/{rel}","templated":true}]}}