{"id":22456,"date":"2022-10-21T16:54:00","date_gmt":"2022-10-21T22:54:00","guid":{"rendered":"http:\/\/puntociegoeditorial.com\/web\/?p=22456"},"modified":"2022-10-21T16:54:00","modified_gmt":"2022-10-21T22:54:00","slug":"pide-castro-melendrez-que-haya-prudencia-en-la-investigacion-contra-el-quimico-benitez","status":"publish","type":"post","link":"https:\/\/www.puntociegoeditorial.com\/web\/2022\/10\/21\/pide-castro-melendrez-que-haya-prudencia-en-la-investigacion-contra-el-quimico-benitez\/","title":{"rendered":"Pide Castro Melendrez que haya prudencia en la investigaci\u00f3n contra el \u00abQu\u00edmico Ben\u00edtez\u00bb"},"content":{"rendered":"\n<p>El presiente de la Junta de Coordinaci\u00f3n Pol\u00edtica del Congreso del Estado expres\u00f3 que desconoce cuanto tiempo pueda tardar la investigaci\u00f3n para que se solicite el desafuero contra el presidente municipal de Mazatl\u00e1n<\/p>\n\n\n\n<p>CULIAC\u00c1N. Para evitar especulaciones y falta de responsabilidad pol\u00edtica es necesario que haya prudencia en la investigaci\u00f3n que realizar\u00e1 la Fiscal\u00eda General del Estado contra el presidente municipal de Mazatl\u00e1n, Luis Guillermo Ben\u00edtez Torres, por presunto da\u00f1o patrimonial al municipio, se\u00f1al\u00f3 el presidente de la Junta de Coordinaci\u00f3n Pol\u00edtica del Congreso del Estado.<\/p>\n\n\n\n<p>En rueda de prensa, Feliciano Castro Melendrez explic\u00f3 que ser\u00e1 la Fiscal\u00eda General del Estado quien se encargue de responder cuanto tiempo se requiera investigar el caso del alcalde Ben\u00edtez Torres, por el presunto da\u00f1o patrimonial por la compra de luminarias de Azteca Lighting para solicitar un juicio de procedencia para desafuero.<\/p>\n\n\n\n<p>Extern\u00f3 que desconoce si la denuncia fue tambi\u00e9n para otros funcionarios, pero hasta ahora s\u00f3lo se conoce que fue contra el primer edil.<\/p>\n\n\n\n<p>\u00abHay que ser prudentes y evitar especulaciones, no podemos entrar en hip\u00f3tesis, vamos a respetar el proceso de investigaci\u00f3n\u00bb.<\/p>\n\n\n\n<p>Castro Melendrez agreg\u00f3 que si de la investigaci\u00f3n resultan responsables otros funcionarios, ser\u00e1 parte del proceso de investigaci\u00f3n.<\/p>\n","protected":false},"excerpt":{"rendered":"<p>El presiente de la Junta de Coordinaci\u00f3n Pol\u00edtica del Congreso del Estado expres\u00f3 que desconoce cuanto tiempo pueda tardar la investigaci\u00f3n para que se solicite el desafuero contra el presidente municipal de Mazatl\u00e1n CULIAC\u00c1N. Para evitar especulaciones y falta de responsabilidad pol\u00edtica es necesario que haya prudencia en la investigaci\u00f3n que realizar\u00e1 la Fiscal\u00eda General [&hellip;]<\/p>\n","protected":false},"author":2,"featured_media":22457,"comment_status":"open","ping_status":"open","sticky":false,"template":"","format":"standard","meta":{"_mi_skip_tracking":false,"footnotes":""},"categories":[13],"tags":[47,939,934],"class_list":["post-22456","post","type-post","status-publish","format-standard","has-post-thumbnail","hentry","category-sinaloa","tag-congreso-del-estado","tag-feliciano-castro","tag-quimico-benitez"],"_links":{"self":[{"href":"https:\/\/www.puntociegoeditorial.com\/web\/wp-json\/wp\/v2\/posts\/22456","targetHints":{"allow":["GET"]}}],"collection":[{"href":"https:\/\/www.puntociegoeditorial.com\/web\/wp-json\/wp\/v2\/posts"}],"about":[{"href":"https:\/\/www.puntociegoeditorial.com\/web\/wp-json\/wp\/v2\/types\/post"}],"author":[{"embeddable":true,"href":"https:\/\/www.puntociegoeditorial.com\/web\/wp-json\/wp\/v2\/users\/2"}],"replies":[{"embeddable":true,"href":"https:\/\/www.puntociegoeditorial.com\/web\/wp-json\/wp\/v2\/comments?post=22456"}],"version-history":[{"count":1,"href":"https:\/\/www.puntociegoeditorial.com\/web\/wp-json\/wp\/v2\/posts\/22456\/revisions"}],"predecessor-version":[{"id":22458,"href":"https:\/\/www.puntociegoeditorial.com\/web\/wp-json\/wp\/v2\/posts\/22456\/revisions\/22458"}],"wp:featuredmedia":[{"embeddable":true,"href":"https:\/\/www.puntociegoeditorial.com\/web\/wp-json\/wp\/v2\/media\/22457"}],"wp:attachment":[{"href":"https:\/\/www.puntociegoeditorial.com\/web\/wp-json\/wp\/v2\/media?parent=22456"}],"wp:term":[{"taxonomy":"category","embeddable":true,"href":"https:\/\/www.puntociegoeditorial.com\/web\/wp-json\/wp\/v2\/categories?post=22456"},{"taxonomy":"post_tag","embeddable":true,"href":"https:\/\/www.puntociegoeditorial.com\/web\/wp-json\/wp\/v2\/tags?post=22456"}],"curies":[{"name":"wp","href":"https:\/\/api.w.org\/{rel}","templated":true}]}}