{"id":22459,"date":"2022-10-21T16:54:51","date_gmt":"2022-10-21T22:54:51","guid":{"rendered":"http:\/\/puntociegoeditorial.com\/web\/?p=22459"},"modified":"2022-10-21T16:54:51","modified_gmt":"2022-10-21T22:54:51","slug":"aprueban-lista-de-aspirantes-a-comision-de-seleccion-del-cpc-de-sistema-estatal-anticorrupcion","status":"publish","type":"post","link":"https:\/\/www.puntociegoeditorial.com\/web\/2022\/10\/21\/aprueban-lista-de-aspirantes-a-comision-de-seleccion-del-cpc-de-sistema-estatal-anticorrupcion\/","title":{"rendered":"Aprueban lista de aspirantes a Comisi\u00f3n de Selecci\u00f3n del CPC de Sistema Estatal Anticorrupci\u00f3n"},"content":{"rendered":"\n<p>Los acuerdos corresponden a dos convocatorias emitidas por esta elecci\u00f3n<\/p>\n\n\n\n<p>CULIAC\u00c1N. La Comisi\u00f3n de Transparencia, Anticorrupci\u00f3n y Participaci\u00f3n Ciudadana del Congreso del Estado de Sinaloa aprob\u00f3 por unanimidad dos acuerdos que integran la lista de aspirantes a formar la Comisi\u00f3n de Selecci\u00f3n, la cual nombrar\u00e1 a integrantes del Comit\u00e9 de Participaci\u00f3n Ciudadana del Sistema Estatal y Municipal Anticorrupci\u00f3n del Estado de Sinaloa.<\/p>\n\n\n\n<p>Los acuerdos corresponden a dos convocatorias emitidas para esta elecci\u00f3n, una de las cuales fue dirigida a la sociedad civil especializada en materia de rendici\u00f3n de cuentas y combate a la corrupci\u00f3n, y la otra a instituciones de educaci\u00f3n superior y de investigaci\u00f3n.<\/p>\n\n\n\n<p>La primera convocatoria fue para elegir a cinco de los nueves integrantes de la Comisi\u00f3n de selecci\u00f3n, y con la segunda a los cuatro restantes integrantes.<\/p>\n\n\n\n<p>Votaron los acuerdos las diputadas y diputados Cecilia Covarrubias Gonz\u00e1lez, Adolfo Beltr\u00e1n Corrales, Marco C\u00e9sar Almaral Rodr\u00edguez, Gene Ren\u00e9 Boj\u00f3rquez Ruiz y Marco Antonio Zazueta Zazueta, presidenta, secretario y vocales de la Comisi\u00f3n, respectivamente.<\/p>\n\n\n\n<p>Al someterse a votaci\u00f3n la lista de aspirantes de la convocatoria dirigida a la sociedad civil especializada en materia de rendici\u00f3n de cuentas y combate a la corrupci\u00f3n, se aprob\u00f3 una lista de cuatro personas:<br>Daniel Elizondo de la Torre.<br>Flavio Herrera Verduzco.<br>Jorge Rub\u00e9n Ibarra Mart\u00ednez, y<br>Jes\u00fas Alexander Qui\u00f1\u00f3nez.<\/p>\n\n\n\n<p>Al someterse a votaci\u00f3n la lista de aspirantes de la convocatoria dirigida instituciones de educaci\u00f3n superior y de investigaci\u00f3n, se aprob\u00f3 a siete aspirantes, de los cuales deber\u00e1n ser electos cinco, por el Pleno.<\/p>\n\n\n\n<p>La lista est\u00e1 integrada por: Johan Antonio Rivera G\u00e1mez.<br>Alondra S\u00e1nchez Liz\u00e1rraga.<br>Marco Vinicio Jaramillo P\u00e9rez.<br>Reyna Christian S\u00e1nchez Parra.<br>Roberto Carlos L\u00f3pez L\u00f3pez.<br>Delia Mar\u00eda Guadalupe F\u00e9lix Guzm\u00e1n, y<br>Giovani Hasael Ch\u00e1vez Pi\u00f1a.<\/p>\n\n\n\n<p>En este \u00faltimo caso, en el acuerdo aprobado se establece que como son siete aspirantes y s\u00f3lo se elegir\u00e1n cinco, y en un ejercicio de inclusi\u00f3n, las dos personas aspirantes que no resulten electas ostentar\u00e1n el car\u00e1cter de suplentes, por lo que, en caso de que alguno de los comisionados deje de desempe\u00f1ar su funci\u00f3n por motivos distintos a la finalizaci\u00f3n del periodo para el cual fueron electos entrar\u00e1n en funciones conforme al orden de registro en que se encuentran en el art\u00edculo anterior.<\/p>\n\n\n\n<p>Los dos acuerdos aprobados ser\u00e1n entregados a la Junta de Coordinaci\u00f3n Pol\u00edtica para que los agende en la sesi\u00f3n que considere para su discusi\u00f3n y votaci\u00f3n.<\/p>\n\n\n\n<p>Las nueve personas aspirantes que sean electos durar\u00e1n en el cargo por un periodo de tres a\u00f1os, el cual ser\u00e1 honor\u00edfico, y adem\u00e1s no podr\u00e1n ser designadas como integrantes del Comit\u00e9 de Participaci\u00f3n Ciudadana por un periodo de seis a\u00f1os.<\/p>\n\n\n\n<p>Al t\u00e9rmino de la reuni\u00f3n de la Comisi\u00f3n de Transparencia, Anticorrupci\u00f3n y Participaci\u00f3n Ciudadana, se entregaron reconocimientos a algunas de las personas aspirantes que hicieron acto de presencia.<\/p>\n","protected":false},"excerpt":{"rendered":"<p>Los acuerdos corresponden a dos convocatorias emitidas por esta elecci\u00f3n CULIAC\u00c1N. La Comisi\u00f3n de Transparencia, Anticorrupci\u00f3n y Participaci\u00f3n Ciudadana del Congreso del Estado de Sinaloa aprob\u00f3 por unanimidad dos acuerdos que integran la lista de aspirantes a formar la Comisi\u00f3n de Selecci\u00f3n, la cual nombrar\u00e1 a integrantes del Comit\u00e9 de Participaci\u00f3n Ciudadana del Sistema Estatal [&hellip;]<\/p>\n","protected":false},"author":2,"featured_media":22460,"comment_status":"open","ping_status":"open","sticky":false,"template":"","format":"standard","meta":{"_mi_skip_tracking":false,"footnotes":""},"categories":[13],"tags":[47],"class_list":["post-22459","post","type-post","status-publish","format-standard","has-post-thumbnail","hentry","category-sinaloa","tag-congreso-del-estado"],"_links":{"self":[{"href":"https:\/\/www.puntociegoeditorial.com\/web\/wp-json\/wp\/v2\/posts\/22459","targetHints":{"allow":["GET"]}}],"collection":[{"href":"https:\/\/www.puntociegoeditorial.com\/web\/wp-json\/wp\/v2\/posts"}],"about":[{"href":"https:\/\/www.puntociegoeditorial.com\/web\/wp-json\/wp\/v2\/types\/post"}],"author":[{"embeddable":true,"href":"https:\/\/www.puntociegoeditorial.com\/web\/wp-json\/wp\/v2\/users\/2"}],"replies":[{"embeddable":true,"href":"https:\/\/www.puntociegoeditorial.com\/web\/wp-json\/wp\/v2\/comments?post=22459"}],"version-history":[{"count":1,"href":"https:\/\/www.puntociegoeditorial.com\/web\/wp-json\/wp\/v2\/posts\/22459\/revisions"}],"predecessor-version":[{"id":22461,"href":"https:\/\/www.puntociegoeditorial.com\/web\/wp-json\/wp\/v2\/posts\/22459\/revisions\/22461"}],"wp:featuredmedia":[{"embeddable":true,"href":"https:\/\/www.puntociegoeditorial.com\/web\/wp-json\/wp\/v2\/media\/22460"}],"wp:attachment":[{"href":"https:\/\/www.puntociegoeditorial.com\/web\/wp-json\/wp\/v2\/media?parent=22459"}],"wp:term":[{"taxonomy":"category","embeddable":true,"href":"https:\/\/www.puntociegoeditorial.com\/web\/wp-json\/wp\/v2\/categories?post=22459"},{"taxonomy":"post_tag","embeddable":true,"href":"https:\/\/www.puntociegoeditorial.com\/web\/wp-json\/wp\/v2\/tags?post=22459"}],"curies":[{"name":"wp","href":"https:\/\/api.w.org\/{rel}","templated":true}]}}